{"id":40826,"date":"2018-06-11T18:17:07","date_gmt":"2018-06-11T16:17:07","guid":{"rendered":"https:\/\/prizrenpost.com\/al\/?p=40826"},"modified":"2018-06-11T18:17:07","modified_gmt":"2018-06-11T16:17:07","slug":"helmohen-me-ushqim-28-qytetare-ne-gjilan","status":"publish","type":"post","link":"https:\/\/prizrenpost.com\/al\/helmohen-me-ushqim-28-qytetare-ne-gjilan\/","title":{"rendered":"Helmohen me ushqim 28 qytetar\u00eb n\u00eb Gjilan"},"content":{"rendered":"<p><img decoding=\"async\" src=\"https:\/\/prizrenpost.com\/al\/wp-content\/uploads\/2018\/06\/spital-e1486566548879-780x439.jpg\" alt=\"\" width=\"100%\" height=\"\" class=\"alignleft size-full wp-image-40827\" srcset=\"https:\/\/prizrenpost.com\/al\/wp-content\/uploads\/2018\/06\/spital-e1486566548879-780x439.jpg 780w, https:\/\/prizrenpost.com\/al\/wp-content\/uploads\/2018\/06\/spital-e1486566548879-780x439-300x169.jpg 300w, https:\/\/prizrenpost.com\/al\/wp-content\/uploads\/2018\/06\/spital-e1486566548879-780x439-768x432.jpg 768w\" sizes=\"(max-width: 780px) 100vw, 780px\" \/><\/p>\n<p><strong>Gjilan &#8211; Nj\u00ebzetetet\u00eb qytetar\u00eb t\u00eb rajonit t\u00eb Gjilanit jan\u00eb hospitalizuar pasi t\u00eb nj\u00ebjtit dyshohet se jan\u00eb helmuar me ushqim.<\/strong><\/p>\n<p>K\u00ebt\u00eb e konfirmoi p\u00ebr Radion Evropa e Lir\u00eb drejtori i Spitalit Rajonal t\u00eb Gjilanit, Nysret Hajrullahu.<\/p>\n<p>\u2018\u2019Dyshohet p\u00ebr helmim n\u00eb ushqim. Jan\u00eb marr\u00eb mostrat p\u00ebr analiza. Pacient\u00ebt jan\u00eb n\u00eb gjendje stabile sh\u00ebndet\u00ebsore\u201d, tha Hajrullahu.<\/p>\n<p>Kryeshefi i Departamentit t\u00eb Emergjenc\u00ebs me reanimacion, Ukshin Ismajli, tha se k\u00ebta pacient\u00eb kan\u00eb pasur vjellje, jasht\u00ebqitje dhe temperatur\u00eb.<\/p>\n<p>\u2018\u2019T\u00eb gjith\u00eb pacient\u00ebt kan\u00eb th\u00ebn\u00eb se ishin n\u00eb nj\u00eb restorant para se t\u2019i kishin k\u00ebto simptome, pra t\u00eb gjith\u00eb po e thon\u00eb k\u00ebt\u00eb gj\u00eb, por nuk mund t\u00eb themi asgj\u00eb t\u00eb sakt\u00eb\u201d, tha Ismajli p\u00ebr Radion Evropa e Lir\u00eb.<\/p>\n<p>Ai shtoi se t\u00eb gjith\u00eb pacient\u00ebt i kan\u00eb b\u00ebr\u00eb edhe sot analizat dhe se priten rezultatet p\u00ebr t\u00eb dal\u00eb me p\u00ebrfundime.<\/p>\n","protected":false},"excerpt":{"rendered":"<p>Gjilan &#8211; Nj\u00ebzetetet\u00eb qytetar\u00eb t\u00eb rajonit t\u00eb Gjilanit jan\u00eb hospitalizuar pasi t\u00eb nj\u00ebjtit dyshohet se jan\u00eb helmuar me ushqim. K\u00ebt\u00eb e konfirmoi p\u00ebr Radion Evropa e Lir\u00eb drejtori i Spitalit Rajonal t\u00eb Gjilanit, Nysret Hajrullahu. \u2018\u2019Dyshohet p\u00ebr helmim n\u00eb ushqim. Jan\u00eb marr\u00eb mostrat p\u00ebr analiza. Pacient\u00ebt jan\u00eb n\u00eb gjendje stabile sh\u00ebndet\u00ebsore\u201d, tha Hajrullahu. Kryeshefi i [&hellip;]<\/p>\n","protected":false},"author":1,"featured_media":40827,"comment_status":"open","ping_status":"open","sticky":false,"template":"","format":"standard","meta":{"footnotes":""},"categories":[5],"tags":[1072,4376],"class_list":["post-40826","post","type-post","status-publish","format-standard","has-post-thumbnail","hentry","category-shendetesi","tag-gjilan","tag-helmim"],"_links":{"self":[{"href":"https:\/\/prizrenpost.com\/al\/wp-json\/wp\/v2\/posts\/40826","targetHints":{"allow":["GET"]}}],"collection":[{"href":"https:\/\/prizrenpost.com\/al\/wp-json\/wp\/v2\/posts"}],"about":[{"href":"https:\/\/prizrenpost.com\/al\/wp-json\/wp\/v2\/types\/post"}],"author":[{"embeddable":true,"href":"https:\/\/prizrenpost.com\/al\/wp-json\/wp\/v2\/users\/1"}],"replies":[{"embeddable":true,"href":"https:\/\/prizrenpost.com\/al\/wp-json\/wp\/v2\/comments?post=40826"}],"version-history":[{"count":0,"href":"https:\/\/prizrenpost.com\/al\/wp-json\/wp\/v2\/posts\/40826\/revisions"}],"wp:featuredmedia":[{"embeddable":true,"href":"https:\/\/prizrenpost.com\/al\/wp-json\/wp\/v2\/media\/40827"}],"wp:attachment":[{"href":"https:\/\/prizrenpost.com\/al\/wp-json\/wp\/v2\/media?parent=40826"}],"wp:term":[{"taxonomy":"category","embeddable":true,"href":"https:\/\/prizrenpost.com\/al\/wp-json\/wp\/v2\/categories?post=40826"},{"taxonomy":"post_tag","embeddable":true,"href":"https:\/\/prizrenpost.com\/al\/wp-json\/wp\/v2\/tags?post=40826"}],"curies":[{"name":"wp","href":"https:\/\/api.w.org\/{rel}","templated":true}]}}