{"id":40855,"date":"2018-06-12T14:01:54","date_gmt":"2018-06-12T12:01:54","guid":{"rendered":"https:\/\/prizrenpost.com\/al\/?p=40855"},"modified":"2018-06-12T14:01:54","modified_gmt":"2018-06-12T12:01:54","slug":"basha-fasada-e-rames-ka-rene-qeveria-lakuriqe-para-botes","status":"publish","type":"post","link":"https:\/\/prizrenpost.com\/al\/basha-fasada-e-rames-ka-rene-qeveria-lakuriqe-para-botes\/","title":{"rendered":"Basha: Fasada e Ram\u00ebs ka r\u00ebn\u00eb, qeveria lakuriqe para bot\u00ebs"},"content":{"rendered":"<p><img decoding=\"async\" src=\"https:\/\/prizrenpost.com\/al\/wp-content\/uploads\/2018\/06\/Basha-2.jpg\" alt=\"\" width=\"100%\" height=\"\" class=\"alignleft size-full wp-image-40856\" srcset=\"https:\/\/prizrenpost.com\/al\/wp-content\/uploads\/2018\/06\/Basha-2.jpg 830w, https:\/\/prizrenpost.com\/al\/wp-content\/uploads\/2018\/06\/Basha-2-300x193.jpg 300w, https:\/\/prizrenpost.com\/al\/wp-content\/uploads\/2018\/06\/Basha-2-768x494.jpg 768w\" sizes=\"(max-width: 830px) 100vw, 830px\" \/><\/p>\n<p><strong>Tiran\u00eb &#8211; Kreu i PD-s\u00eb Lulzim Basha n\u00eb nj\u00eb dalje p\u00ebr mediat iu referua deklaratave t\u00eb nj\u00eb dite m\u00eb par\u00eb t\u00eb zyrtar\u00ebve gjerman\u00eb, p\u00ebr t\u00eb cil\u00ebt tha se Evropa dha nj\u00eb mesazh t\u00eb qart\u00eb.<\/strong><\/p>\n<p>\u201cStrategjia e deritanishme e Edi Ram\u00ebs p\u00ebrmes krijimit t\u00eb nj\u00eb fasade t\u00eb rrem\u00eb q\u00eb gj\u00ebrat shkojn\u00eb mir\u00eb, nuk ka ecur. Fasada ka r\u00ebn\u00eb, qeveria lakuriq para bot\u00ebs. Sot nuk ecin g\u00ebnjeshtrat, mashtrimet e faj\u00ebsimet e t\u00eb tjer\u00ebve. Mesazhet e djeshme se Shqip\u00ebria nuk ka plot\u00ebsuar asnj\u00eb kusht p\u00ebr hapjen e negociatave, se Tahiri \u00ebsht\u00eb peshk i madh, se Xhafaj duhet t\u00eb largohet jan\u00eb pasqyra e v\u00ebrtet\u00eb e gjendjes n\u00eb Shqip\u00ebri dhe prova se g\u00ebnjeshtrat nuk ecin. Numri dy i Merkel, p\u00ebrgjegj\u00ebs p\u00ebr politik\u00ebn e jashtme dhe sigurin\u00eb n\u00eb K\u00ebshillin e Europ\u00ebs, foli qart\u00eb ku deklaroi se duhet t\u00eb zhbllokohet menj\u00ebher\u00eb dhe t\u00eb nis\u00eb nga puna Gjykata Kushtetuese dhe e Lart\u00eb dhe t\u00eb krijohet struktura e p\u00ebrshtatshme antikorrupsion\u201d, tha Basha.<\/p>\n<p>Em\u00ebrimet n\u00eb administrat\u00eb jan\u00eb n\u00eb shkelje me ligjin, reforma zgjedhore duhet b\u00ebr\u00eb sa m\u00eb par\u00eb p\u00ebr t\u00eb mos manipuluar vot\u00ebn tha nd\u00ebr t\u00eb tjera Basha. Ai k\u00ebrkoi s\u00ebrish largimin e Xhafajt dhe tha se tashm\u00eb e kan\u00eb fjal\u00ebn shqiptar\u00ebt. N\u00ebse duam Europ\u00ebn tha ai, Xhafaj t\u00eb ik\u00eb sa m\u00eb par\u00eb, njofton TCH.<\/p>\n","protected":false},"excerpt":{"rendered":"<p>Tiran\u00eb &#8211; Kreu i PD-s\u00eb Lulzim Basha n\u00eb nj\u00eb dalje p\u00ebr mediat iu referua deklaratave t\u00eb nj\u00eb dite m\u00eb par\u00eb t\u00eb zyrtar\u00ebve gjerman\u00eb, p\u00ebr t\u00eb cil\u00ebt tha se Evropa dha nj\u00eb mesazh t\u00eb qart\u00eb. \u201cStrategjia e deritanishme e Edi Ram\u00ebs p\u00ebrmes krijimit t\u00eb nj\u00eb fasade t\u00eb rrem\u00eb q\u00eb gj\u00ebrat shkojn\u00eb mir\u00eb, nuk ka ecur. Fasada [&hellip;]<\/p>\n","protected":false},"author":1,"featured_media":40856,"comment_status":"open","ping_status":"open","sticky":false,"template":"","format":"standard","meta":{"footnotes":""},"categories":[1],"tags":[369,1047,695,52],"class_list":["post-40855","post","type-post","status-publish","format-standard","has-post-thumbnail","hentry","category-lajme","tag-edi-rama","tag-lulzim-basha","tag-qeveria","tag-shqiperi"],"_links":{"self":[{"href":"https:\/\/prizrenpost.com\/al\/wp-json\/wp\/v2\/posts\/40855","targetHints":{"allow":["GET"]}}],"collection":[{"href":"https:\/\/prizrenpost.com\/al\/wp-json\/wp\/v2\/posts"}],"about":[{"href":"https:\/\/prizrenpost.com\/al\/wp-json\/wp\/v2\/types\/post"}],"author":[{"embeddable":true,"href":"https:\/\/prizrenpost.com\/al\/wp-json\/wp\/v2\/users\/1"}],"replies":[{"embeddable":true,"href":"https:\/\/prizrenpost.com\/al\/wp-json\/wp\/v2\/comments?post=40855"}],"version-history":[{"count":0,"href":"https:\/\/prizrenpost.com\/al\/wp-json\/wp\/v2\/posts\/40855\/revisions"}],"wp:featuredmedia":[{"embeddable":true,"href":"https:\/\/prizrenpost.com\/al\/wp-json\/wp\/v2\/media\/40856"}],"wp:attachment":[{"href":"https:\/\/prizrenpost.com\/al\/wp-json\/wp\/v2\/media?parent=40855"}],"wp:term":[{"taxonomy":"category","embeddable":true,"href":"https:\/\/prizrenpost.com\/al\/wp-json\/wp\/v2\/categories?post=40855"},{"taxonomy":"post_tag","embeddable":true,"href":"https:\/\/prizrenpost.com\/al\/wp-json\/wp\/v2\/tags?post=40855"}],"curies":[{"name":"wp","href":"https:\/\/api.w.org\/{rel}","templated":true}]}}