{"id":4089,"date":"2013-12-13T19:53:47","date_gmt":"2013-12-13T18:53:47","guid":{"rendered":"http:\/\/prizrenpost.com\/al\/?p=4089"},"modified":"2020-09-02T12:18:54","modified_gmt":"2020-09-02T10:18:54","slug":"perfundon-takimi-ne-bruksel-ska-marreveshje","status":"publish","type":"post","link":"https:\/\/prizrenpost.com\/al\/perfundon-takimi-ne-bruksel-ska-marreveshje\/","title":{"rendered":"P\u00ebrfundon takimi n\u00eb Bruksel, s\u2019ka marr\u00ebveshje"},"content":{"rendered":"<p><img decoding=\"async\" src=\"https:\/\/prizrenpost.com\/al\/wp-content\/uploads\/2013\/12\/thaci1.jpg\" alt=\"\" width=\"100%\" height=\"\" class=\"alignleft size-full wp-image-60507\" srcset=\"https:\/\/prizrenpost.com\/al\/wp-content\/uploads\/2013\/12\/thaci1.jpg 629w, https:\/\/prizrenpost.com\/al\/wp-content\/uploads\/2013\/12\/thaci1-600x350.jpg 600w, https:\/\/prizrenpost.com\/al\/wp-content\/uploads\/2013\/12\/thaci1-300x175.jpg 300w\" sizes=\"(max-width: 629px) 100vw, 629px\" \/><\/p>\n<p><strong>Bruksel, 13 dhjetor \u2013 Kryeministri i Kosov\u00ebs dhe ai i Serbis\u00eb, Hashim Tha\u00e7i dhe Ivica Da\u00e7iq jan\u00eb takuar sot n\u00eb Bruksel p\u00ebr nj\u00eb rreth t\u00eb ri bisedimesh mbi \u00e7\u00ebshtjen e gjyq\u00ebsorit, por marr\u00ebveshje nuk ka. Edhe ky rreth, si r\u00ebndom, \u00ebsht\u00eb nd\u00ebrmjet\u00ebsuar nga shefja e politik\u00ebs s\u00eb jashtme t\u00eb BE-s\u00eb, Catherine Ashton, raporton Rel.<\/strong><\/p>\n<p>Pas takimit, Tha\u00e7i e ka cil\u00ebsuar takimin si konstruktiv.<\/p>\n<p>\u201cNe kishim nj\u00eb takim konstruktiv. \u00cbsht\u00eb pajtueshm\u00ebri e plot\u00eb se duhet t\u00eb jet\u00eb nj\u00eb sistem unik i drejt\u00ebsis\u00eb, nd\u00ebrsa marr\u00ebveshje nuk ka\u201d, ka th\u00ebn\u00eb Tha\u00e7i, duke paralajm\u00ebruar se tani u mbetet ekipeve teknike t\u00eb vazhdojn\u00eb pun\u00ebn e tyre.<\/p>\n<p>N\u00eb takimin e jav\u00ebs s\u00eb kaluar, pal\u00ebt kan\u00eb arritur p\u00ebrparim p\u00ebr \u00e7\u00ebshtjen e policis\u00eb, p\u00ebrkat\u00ebsisht integrimit t\u00eb strukturave jolegale n\u00eb Policin\u00eb e Kosov\u00ebs.<\/p>\n<p>Bashkimi Evropian e pati cil\u00ebsuar si vendimtar k\u00ebt\u00eb takim, sepse n\u00ebse n\u00eb t\u00eb arrihet p\u00ebrparim, sidomos sa i p\u00ebrket \u00e7\u00ebshtjes s\u00eb gjykatave n\u00eb veri, at\u00ebher\u00eb baronesha Ashton do t\u00eb p\u00ebrpiloj\u00eb nj\u00eb raport p\u00ebr shtetet an\u00ebtare t\u00eb BE-s\u00eb, p\u00ebr t\u00eb vler\u00ebsuar suksesin n\u00eb zbatimin e marr\u00ebveshjes s\u00eb 19 prillit.<\/p>\n<p>Shtetet an\u00ebtare t\u00eb BE-s\u00eb jan\u00eb duke u konsultuar edhe p\u00ebr formulimin e korniz\u00ebs negociuese, e cila duhet t\u00eb miratohet para se t\u00eb nisin negociatat me Serbin\u00eb.<\/p>\n<p>Sipas burimeve diplomatike, pritet q\u00eb n\u00eb k\u00ebt\u00eb korniz\u00eb edhe nj\u00eb her\u00eb t\u00eb n\u00ebnvizohet se normalizimi i marr\u00ebdh\u00ebnieve n\u00eb mes t\u00eb Serbis\u00eb dhe Kosov\u00ebs do t\u00eb mbetet kusht p\u00ebr Serbin\u00eb gjat\u00eb t\u00ebr\u00eb procesit t\u00eb negociatave.<\/p>\n<p>Takimi i sot\u00ebm ishte i dyti q\u00eb zhvillohet pas rrethit t\u00eb dyt\u00eb t\u00eb zgjedhjeve lokale n\u00eb Kosov\u00eb, n\u00eb t\u00eb cilat p\u00ebr her\u00eb t\u00eb par\u00eb kan\u00eb marr\u00eb pjes\u00eb qytetar\u00ebt serb\u00eb t\u00eb komunave veriore t\u00eb vendit ton\u00eb. <\/p>\n","protected":false},"excerpt":{"rendered":"<p>Bruksel, 13 dhjetor \u2013 Kryeministri i Kosov\u00ebs dhe ai i Serbis\u00eb, Hashim Tha\u00e7i dhe Ivica Da\u00e7iq jan\u00eb takuar sot n\u00eb Bruksel p\u00ebr nj\u00eb rreth t\u00eb ri bisedimesh mbi \u00e7\u00ebshtjen e gjyq\u00ebsorit, por marr\u00ebveshje nuk ka. Edhe ky rreth, si r\u00ebndom, \u00ebsht\u00eb nd\u00ebrmjet\u00ebsuar nga shefja e politik\u00ebs s\u00eb jashtme t\u00eb BE-s\u00eb, Catherine Ashton, raporton Rel. Pas [&hellip;]<\/p>\n","protected":false},"author":1,"featured_media":60507,"comment_status":"open","ping_status":"open","sticky":false,"template":"","format":"standard","meta":{"footnotes":""},"categories":[1],"tags":[],"class_list":["post-4089","post","type-post","status-publish","format-standard","has-post-thumbnail","hentry","category-lajme"],"_links":{"self":[{"href":"https:\/\/prizrenpost.com\/al\/wp-json\/wp\/v2\/posts\/4089","targetHints":{"allow":["GET"]}}],"collection":[{"href":"https:\/\/prizrenpost.com\/al\/wp-json\/wp\/v2\/posts"}],"about":[{"href":"https:\/\/prizrenpost.com\/al\/wp-json\/wp\/v2\/types\/post"}],"author":[{"embeddable":true,"href":"https:\/\/prizrenpost.com\/al\/wp-json\/wp\/v2\/users\/1"}],"replies":[{"embeddable":true,"href":"https:\/\/prizrenpost.com\/al\/wp-json\/wp\/v2\/comments?post=4089"}],"version-history":[{"count":1,"href":"https:\/\/prizrenpost.com\/al\/wp-json\/wp\/v2\/posts\/4089\/revisions"}],"predecessor-version":[{"id":60508,"href":"https:\/\/prizrenpost.com\/al\/wp-json\/wp\/v2\/posts\/4089\/revisions\/60508"}],"wp:featuredmedia":[{"embeddable":true,"href":"https:\/\/prizrenpost.com\/al\/wp-json\/wp\/v2\/media\/60507"}],"wp:attachment":[{"href":"https:\/\/prizrenpost.com\/al\/wp-json\/wp\/v2\/media?parent=4089"}],"wp:term":[{"taxonomy":"category","embeddable":true,"href":"https:\/\/prizrenpost.com\/al\/wp-json\/wp\/v2\/categories?post=4089"},{"taxonomy":"post_tag","embeddable":true,"href":"https:\/\/prizrenpost.com\/al\/wp-json\/wp\/v2\/tags?post=4089"}],"curies":[{"name":"wp","href":"https:\/\/api.w.org\/{rel}","templated":true}]}}