{"id":40910,"date":"2018-06-13T13:32:14","date_gmt":"2018-06-13T11:32:14","guid":{"rendered":"https:\/\/prizrenpost.com\/al\/?p=40910"},"modified":"2018-06-13T13:32:14","modified_gmt":"2018-06-13T11:32:14","slug":"hapja-e-dy-sallave-te-reja-ne-kardiokirurgji-krijon-mundesi-per-eliminimin-e-listes-se-pritjes","status":"publish","type":"post","link":"https:\/\/prizrenpost.com\/al\/hapja-e-dy-sallave-te-reja-ne-kardiokirurgji-krijon-mundesi-per-eliminimin-e-listes-se-pritjes\/","title":{"rendered":"Hapja e dy sallave t\u00eb reja n\u00eb Kardiokirurgji krijon mund\u00ebsi p\u00ebr eliminimin e list\u00ebs s\u00eb pritjes"},"content":{"rendered":"<p><img decoding=\"async\" src=\"https:\/\/prizrenpost.com\/al\/wp-content\/uploads\/2018\/06\/uran-ismaili.jpg\" alt=\"\" width=\"100%\" height=\"\" class=\"alignleft size-full wp-image-40911\" srcset=\"https:\/\/prizrenpost.com\/al\/wp-content\/uploads\/2018\/06\/uran-ismaili.jpg 780w, https:\/\/prizrenpost.com\/al\/wp-content\/uploads\/2018\/06\/uran-ismaili-300x169.jpg 300w, https:\/\/prizrenpost.com\/al\/wp-content\/uploads\/2018\/06\/uran-ismaili-768x432.jpg 768w\" sizes=\"(max-width: 780px) 100vw, 780px\" \/><\/p>\n<p><strong>Prishtin\u00eb &#8211; Ministri i Sh\u00ebndet\u00ebsis\u00eb, Uran Ismaili tha sot se hapja e sall\u00ebs s\u00eb dyt\u00eb operative t\u00eb Kardiokirurgjis\u00eb dhe sall\u00ebs s\u00eb dyt\u00eb t\u00eb Mjekimit intensiv n\u00eb k\u00ebt\u00eb klinik\u00eb, \u00ebsht\u00eb nj\u00eb hap shum\u00eb i madh p\u00ebr pacient\u00ebt dhe personelin mjek\u00ebsor kosovar\u00eb, t\u00eb cil\u00ebt e kan\u00eb mund\u00ebsin\u00eb q\u00eb tani t\u2019u p\u00ebrgjigjen nevojave t\u00eb tyre.<\/strong><\/p>\n<p>Ai tha se deri tani \u00ebsht\u00eb operuar me nj\u00eb lloj presioni p\u00ebr arsye se ka qen\u00eb vet\u00ebm nj\u00eb sall\u00eb dhe n\u00eb raste urgjente pacienti \u00ebsht\u00eb dashur t\u00eb pres para se t\u2019i krijohet mund\u00ebsia q\u00eb t\u00eb hyj\u00eb n\u00eb operacion.<\/p>\n<p>\u201cTani kemi nj\u00eb mund\u00ebsi q\u00eb n\u00eb dy salla t\u00eb operohet dhe realisht ta m\u00ebnjanojm\u00eb edhe list\u00ebn e pritjes, e cila ka b\u00ebr\u00eb q\u00eb pacient\u00ebt t\u00eb cil\u00ebt kan\u00eb pasur probleme me zem\u00ebr t\u00eb presin me vite, n\u00eb m\u00ebnyr\u00eb q\u00eb t\u2019i jepet sh\u00ebrbimi i duhur\u201d, tha Ismaili, me rastin e p\u00ebrurimit t\u00eb sall\u00ebs s\u00eb dyt\u00eb t\u00eb operimit dhe sall\u00ebs s\u00eb dyt\u00eb t\u00eb mjekimit intensiv n\u00eb Klinik\u00ebn e Kardiokirurgjis\u00eb t\u00eb Qendr\u00ebs Klinike Universiatre t\u00eb Kosov\u00ebs.<\/p>\n<p>Rritja e k\u00ebtij sh\u00ebrbime n\u00eb QKUK, theksoi ministri realisht tregon edhe nj\u00eb dimension tjet\u00ebr \u2013 v\u00ebshtir\u00ebsit\u00eb q\u00eb i ka pasur personeli mjek\u00ebsor t\u00eb cil\u00ebt kan\u00eb punuar ndoshta n\u00ebn presione t\u00eb m\u00ebdha dhe n\u00eb kushte m\u00eb t\u00eb v\u00ebshtira, por q\u00eb \u201csot me investime dhe me p\u00ebrkrahjen e tyre jemi duke arritur q\u00eb t\u00eb krijojm\u00eb sh\u00ebrbime m\u00eb t\u00eb shpejta dhe m\u00eb cil\u00ebsore p\u00ebr pacient\u00ebt tan\u00eb\u201d.<\/p>\n<p>Drejtori i SHSKUK-s\u00eb, Basri Sejdiu tha se dita e sotme \u00ebsht\u00eb nj\u00eb dit\u00eb e madhe p\u00ebr kardiokirurgjin\u00eb dhe p\u00ebr krejt sh\u00ebrbimet q\u00eb i trajtojn\u00eb s\u00ebmundjet e sistemit kardiovaskular, sepse n\u00eb nj\u00ebfar\u00eb m\u00ebnyre p\u00ebrmbyllet nj\u00eb kapitull sa i p\u00ebrket sh\u00ebrbimit t\u00eb kardiokirurgjis\u00eb.<\/p>\n<p>\u201cE mira n\u00eb k\u00ebt\u00eb klinik\u00eb ka filluar me pun\u00ebn 24 or\u00ebshe q\u00eb nga shkurti dhe menj\u00ebher\u00eb \u00ebsht\u00eb v\u00ebrejtur se pacient\u00ebt nuk kan\u00eb dal\u00eb jasht\u00eb p\u00ebr trajtim nga ajo periudh\u00eb, por fillimi i pun\u00ebs s\u00eb sall\u00ebs s\u00eb dyt\u00eb t\u00eb kardiokirurgjis\u00eb dhe me kapacitete t\u00eb shtuara t\u00eb intenziv\u00ebs s\u00eb dyt\u00eb n\u00eb kardiokirurgji rritet v\u00ebllimi i pun\u00ebs, krijohet siguri m\u00eb e madhe, rritet performanca e mjek\u00ebve p\u00ebr arsye se t\u00eb gjith\u00eb pacient\u00ebt do t\u00eb trajtohen k\u00ebtu n\u00eb institucion publik q\u00eb do t\u00eb jet\u00eb qend\u00ebr referente\u201d, tha Sejdiu.<\/p>\n<p>Ushtruesi i detyr\u00ebs s\u00eb drejtorit t\u00eb Klinik\u00ebs s\u00eb Kardiokirurgjis\u00eb dhe Kardiologjis\u00eb Invazive, Tefik Bekteshi, tha se sh\u00ebrbimi i ka dy salla n\u00eb kushte t\u00eb shk\u00eblqyeshme, 16 shtret\u00ebr, 7 prej t\u00eb cil\u00ebve n\u00eb mjekimin intensiv; 2 salla operative, 2 t\u00eb mjekimit intensiv dhe k\u00ebto jan\u00eb kapacitete t\u00eb mjaftueshme q\u00eb shum\u00eb shpejt t\u00eb largohet edhe lista e pritjes.<\/p>\n","protected":false},"excerpt":{"rendered":"<p>Prishtin\u00eb &#8211; Ministri i Sh\u00ebndet\u00ebsis\u00eb, Uran Ismaili tha sot se hapja e sall\u00ebs s\u00eb dyt\u00eb operative t\u00eb Kardiokirurgjis\u00eb dhe sall\u00ebs s\u00eb dyt\u00eb t\u00eb Mjekimit intensiv n\u00eb k\u00ebt\u00eb klinik\u00eb, \u00ebsht\u00eb nj\u00eb hap shum\u00eb i madh p\u00ebr pacient\u00ebt dhe personelin mjek\u00ebsor kosovar\u00eb, t\u00eb cil\u00ebt e kan\u00eb mund\u00ebsin\u00eb q\u00eb tani t\u2019u p\u00ebrgjigjen nevojave t\u00eb tyre. Ai tha se [&hellip;]<\/p>\n","protected":false},"author":1,"featured_media":40911,"comment_status":"open","ping_status":"open","sticky":false,"template":"","format":"standard","meta":{"footnotes":""},"categories":[5],"tags":[1206,49,4231],"class_list":["post-40910","post","type-post","status-publish","format-standard","has-post-thumbnail","hentry","category-shendetesi","tag-qkuk","tag-shendetesi","tag-uran-ismaili"],"_links":{"self":[{"href":"https:\/\/prizrenpost.com\/al\/wp-json\/wp\/v2\/posts\/40910","targetHints":{"allow":["GET"]}}],"collection":[{"href":"https:\/\/prizrenpost.com\/al\/wp-json\/wp\/v2\/posts"}],"about":[{"href":"https:\/\/prizrenpost.com\/al\/wp-json\/wp\/v2\/types\/post"}],"author":[{"embeddable":true,"href":"https:\/\/prizrenpost.com\/al\/wp-json\/wp\/v2\/users\/1"}],"replies":[{"embeddable":true,"href":"https:\/\/prizrenpost.com\/al\/wp-json\/wp\/v2\/comments?post=40910"}],"version-history":[{"count":0,"href":"https:\/\/prizrenpost.com\/al\/wp-json\/wp\/v2\/posts\/40910\/revisions"}],"wp:featuredmedia":[{"embeddable":true,"href":"https:\/\/prizrenpost.com\/al\/wp-json\/wp\/v2\/media\/40911"}],"wp:attachment":[{"href":"https:\/\/prizrenpost.com\/al\/wp-json\/wp\/v2\/media?parent=40910"}],"wp:term":[{"taxonomy":"category","embeddable":true,"href":"https:\/\/prizrenpost.com\/al\/wp-json\/wp\/v2\/categories?post=40910"},{"taxonomy":"post_tag","embeddable":true,"href":"https:\/\/prizrenpost.com\/al\/wp-json\/wp\/v2\/tags?post=40910"}],"curies":[{"name":"wp","href":"https:\/\/api.w.org\/{rel}","templated":true}]}}