{"id":41058,"date":"2018-06-16T14:59:37","date_gmt":"2018-06-16T12:59:37","guid":{"rendered":"https:\/\/prizrenpost.com\/al\/?p=41058"},"modified":"2018-06-16T14:59:37","modified_gmt":"2018-06-16T12:59:37","slug":"proceset-qe-demtuan-sistemin-shendetesor-ne-kosove","status":"publish","type":"post","link":"https:\/\/prizrenpost.com\/al\/proceset-qe-demtuan-sistemin-shendetesor-ne-kosove\/","title":{"rendered":"Proceset q\u00eb d\u00ebmtuan sistemin sh\u00ebndet\u00ebsor n\u00eb Kosov\u00eb"},"content":{"rendered":"<p><img decoding=\"async\" src=\"https:\/\/prizrenpost.com\/al\/wp-content\/uploads\/2018\/06\/qkuk.jpg\" alt=\"\" width=\"100%\" height=\"\" class=\"alignleft size-full wp-image-41059\" srcset=\"https:\/\/prizrenpost.com\/al\/wp-content\/uploads\/2018\/06\/qkuk.jpg 716w, https:\/\/prizrenpost.com\/al\/wp-content\/uploads\/2018\/06\/qkuk-300x197.jpg 300w\" sizes=\"(max-width: 716px) 100vw, 716px\" \/><\/p>\n<p><strong>Prishtin\u00eb &#8211; Krahas problemeve me ligjin, institucionet publike sh\u00ebndet\u00ebsore, p\u00ebr af\u00ebr dy dekada, po ballafaqohen edhe me probleme tjera, nisur nga mungesa e mjeteve, hap\u00ebsir\u00ebs s\u00eb mjaftueshme p\u00ebr pun\u00eb, aparaturave t\u00eb domosdoshme e deri te ikja e stafit mjek\u00ebsor drejt vendeve t\u00eb Bashkimit Evropian.<\/strong><\/p>\n<p>Sistemi sh\u00ebndet\u00ebsor n\u00eb Kosov\u00eb, \u00ebsht\u00eb p\u00ebrballur dhe vazhdon t\u00eb ballafaqohet me probleme t\u00eb shumta. P\u00ebrpos buxhetit t\u00eb mang\u00ebt, munges\u00ebs s\u00eb barnave esenciale p\u00ebr pacient\u00ebt, sh\u00ebrbimet jokualitative mjek\u00ebsore, kan\u00eb qen\u00eb edhe aktakuzat dhe proceset gjyq\u00ebsore ndaj profesionist\u00ebve sh\u00ebndet\u00ebsor\u00eb ato q\u00eb e kan\u00eb ndikuar n\u00eb gjendjen e p\u00ebrgjithshme dhe humbjen e besimit t\u00eb qytetar\u00ebve n\u00eb sistemin sh\u00ebndet\u00ebsor.<\/p>\n<p>Rasti i njohur si \u201cStenta\u201d apo ai \u201cMedicus\u201d, p\u00ebrb\u00ebjn\u00eb dy nga zhvillimet kryesore q\u00eb ndikuan drejtp\u00ebrs\u00ebdrejti n\u00eb imazhin e sh\u00ebndet\u00ebsis\u00eb n\u00eb Kosov\u00eb.<\/p>\n<p>Rasti \u201cStenta\u201d, i cili ishte hapur nga Prokuroria e Shtetit, pas nj\u00eb periudhe t\u00eb gjat\u00eb t\u00eb hetimeve, \u00e7oi n\u00eb dor\u00ebheqjen e ish-ministrit Ferid Agani, dhe ngritjen e aktakuzave ndaj 62 personave, p\u00ebrfshir\u00eb mjek\u00eb, drejtor\u00eb e menaxher\u00eb t\u00eb klinikave spitalore n\u00eb Prishtin\u00eb, Gjilan e Prizren.<\/p>\n<p>Ky rast, pra i njohur si \u201cStenta\u201d vazhdon t\u00eb jet\u00eb n\u00eb procedur\u00eb.<\/p>\n<p>Kurse rasti \u201cMedicus\u201d ishte ai q\u00eb b\u00ebri buj\u00eb t\u00eb madhe edhe n\u00eb aren\u00ebn nd\u00ebrkomb\u00ebtare, pasi q\u00eb protagonist\u00ebt akuzoheshin p\u00ebr trafikim me qenie njer\u00ebzore, transplante t\u00eb pa ligjshme t\u00eb veshk\u00ebs dhe krim t\u00eb organizuar.<\/p>\n<p>Ky proces, ishte mbyllur me d\u00ebnimin ndaj doktorit Lutfi Dervishi me 7 vjet e gjasht\u00eb muaj burgim, p\u00ebrderisa t\u00eb akuzuarit Sokol Hajdini, po nga ky rast, i ishte shqiptuar d\u00ebnimi me 1 vit burgim.<\/p>\n<p>Akuzave dhe hetimeve nga organet p\u00ebrkat\u00ebse, nuk kan\u00eb mund t\u2019u shmangen as nivelet politike. Ish-ministri i Sh\u00ebndet\u00ebsis\u00eb gjat\u00eb mandatit t\u00eb kaluar qeveris\u00ebs, ishte detyruar t\u00eb jepte dor\u00ebheqje, pik\u00ebrisht p\u00ebr shkak t\u00eb hetimeve ndaj tij n\u00eb lidhje me rastin \u201cStenta\u201d.<\/p>\n<p>Kurse ish sekretari i p\u00ebrgjithsh\u00ebm i Ministris\u00eb s\u00eb Sh\u00ebndet\u00ebsis\u00eb Ilir Tolaj, akuzohej p\u00ebr shp\u00ebrdorim t\u00eb detyr\u00ebs zyrtare, ndon\u00ebse dit\u00eb m\u00eb par\u00eb, Tolaj \u00ebsht\u00eb liruar nga t\u00eb gjitha akuzat duke u shpallur i pafajsh\u00ebm nga Gjykata Themelore n\u00eb Prishtin\u00eb.<\/p>\n<p>Gjendja e krijuar n\u00eb sh\u00ebndet\u00ebsi, nd\u00ebr vite, po trajtohet si nj\u00eb nga prioritetet edhe t\u00eb qeveris\u00eb aktuale t\u00eb Kosov\u00ebs, n\u00eb p\u00ebrpjekjet p\u00ebr ta nxjerr\u00eb nga situata aspak e lakmueshme.<\/p>\n<p>Ministri i Sh\u00ebndet\u00ebsis\u00eb, Uran Ismaili tha p\u00ebr Radion Evropa e Lir\u00eb se proceset gjyq\u00ebsore apo edhe vet\u00ebm hetimet ndaj mjek\u00ebve dhe p\u00ebrgjegj\u00ebsve t\u00eb k\u00ebsaj fushe, padyshim q\u00eb ndikon n\u00eb humbjen e besimit n\u00eb sistemin publik sh\u00ebndet\u00ebsor\u00eb.<\/p>\n<p>\u201c\u00c7far\u00ebdo lloj afere q\u00eb ka involvuar personelin sh\u00ebndet\u00ebsor\u00eb dhe e ka tejkaluar etik\u00ebn e mjekut ka ndikuar q\u00eb ky relacion mes institucionit sh\u00ebndet\u00ebsor\u00eb dhe pacientit t\u00eb v\u00ebshtir\u00ebsohet dhe t\u00eb humbet besimi apo t\u00eb degradohet gjith\u00eb sistemi sh\u00ebndet\u00ebsor\u00eb\u201d.<\/p>\n<p>\u201cPor ky \u00ebsht\u00eb nj\u00eb num\u00ebr i vog\u00ebl i personelit sh\u00ebndet\u00ebsor\u00eb, derisa shumica e mjek\u00ebve punojn\u00eb shum\u00eb dhe japin sh\u00ebrbime t\u00eb mira. Shum\u00eb or\u00eb pun\u00eb kualitative dhe t\u00eb ndershme t\u00eb mjek\u00ebve e humbin besimin para disa aferave q\u00eb i b\u00ebjn\u00eb nj\u00eb num\u00ebr i caktuar i personave, Po \u00ebsht\u00eb humbur besimi dhe \u00ebsht\u00eb e dhimbshme q\u00eb t\u00eb humbet besimi i t\u00eb tjer\u00ebve q\u00eb punojn\u00eb ndersh\u00ebm\u201d, tha Ismaili.<\/p>\n<p>Edhe vet\u00eb sindikalist\u00eb t\u00eb pun\u00ebtor\u00ebve brenda Qendr\u00ebs Klinike Universitare t\u00eb Kosov\u00ebs, thon\u00eb se hetimet dhe aktakuzat ndaj personelit sh\u00ebndet\u00ebsor\u00eb ka ndikuar keq dhe reflekton n\u00eb pamjen e p\u00ebrgjithshme t\u00eb sh\u00ebndet\u00ebsis\u00eb n\u00eb vend.<\/p>\n<p>Xhemajl Selmani, kryetar i sindikat\u00ebs s\u00eb pun\u00ebtor\u00ebve n\u00eb QKUK, ka th\u00ebn\u00eb koh\u00eb m\u00eb par\u00eb p\u00ebr Radion Evropa e Lir\u00eb se ngritja e aktakuz\u00ebs ndaj punonj\u00ebsve sh\u00ebndet\u00ebsor\u00eb, p\u00ebrpos q\u00eb ka ndikuar n\u00eb rrjedh\u00ebn e pun\u00ebs n\u00eb gjith\u00eb sistemin, ka ndikuar negativisht edhe te qytetar\u00ebt.<\/p>\n<p>\u201cAktakuzat ndaj mjek\u00ebve kan\u00eb ndikuar shum\u00eb, duke ditur q\u00eb Kardiologjia \u00ebsht\u00eb nj\u00ebra nga shtyllat kryesore t\u00eb sh\u00ebndet\u00ebsis\u00eb. Interesimi p\u00ebr ta denigruar k\u00ebt\u00eb sistem kaq r\u00ebnd\u00eb, vjen nga persona t\u00eb caktuara p\u00ebr interesa personale , sepse i kan\u00eb p\u00ebrfitimet e veta, sidomos me sistemin privat\u201d.<\/p>\n<p>\u201cUroj q\u00eb t\u00eb kthjellen disa struktura t\u00eb pushtetit q\u00eb m\u00eb n\u00eb fund t\u00eb heqin nga agjendat e veta t\u00eb mbrapshta sh\u00ebndet\u00ebsin\u00eb, sepse aty punohet. Nuk po them q\u00eb nuk ka parregullsi, por t\u00eb nd\u00ebshkohen individ\u00eb pa u cenuar t\u00ebr\u00eb sistemi sh\u00ebndet\u00ebsor, i cili aktualisht \u00ebsht\u00eb shum\u00eb i d\u00ebmtuar\u201d, ka th\u00ebn\u00eb Xhemajli.<\/p>\n<p>N\u00eb an\u00ebn tjet\u00ebr, ministri Uran Ismaili thot\u00eb se kurdo q\u00eb ndonj\u00eb profesionist sh\u00ebndet\u00ebsor dyshohet se ka shp\u00ebrdoruar pozit\u00ebn zyrtare, do t\u00eb duhej q\u00eb ato raste t\u00eb trajtohen me prioritet p\u00ebr t\u00eb v\u00ebrtetuar faj\u00ebsin\u00eb ose pafaj\u00ebsin\u00eb e tyre.<\/p>\n<p>\u201cMendoj q\u00eb p\u00ebrgjigjet p\u00ebr t\u00eb akuzuarit duhet t\u00eb jen\u00eb t\u00eb shpejta dhe duhet t\u00eb jen\u00eb t\u00eb rrepta q\u00eb mos t\u00eb l\u00ebm\u00eb p\u00ebrs\u00ebritje , dhe qytetar\u00ebt t\u00eb trajtohen n\u00eb m\u00ebnyr\u00ebn m\u00eb t\u00eb ndershme\u201d, tha Ismaili.<\/p>\n<p>Krahas problemeve me ligjin, institucionet publike sh\u00ebndet\u00ebsore, p\u00ebr af\u00ebr dy dekada, po ballafaqohen edhe me probleme tjera, nisur nga mungesa e mjeteve, hap\u00ebsir\u00ebs s\u00eb mjaftueshme p\u00ebr pun\u00eb, aparaturave t\u00eb domosdoshme e deri te ikja e stafit mjek\u00ebsor drejt vendeve t\u00eb Bashkimit Evropian.\/ rel<\/p>\n","protected":false},"excerpt":{"rendered":"<p>Prishtin\u00eb &#8211; Krahas problemeve me ligjin, institucionet publike sh\u00ebndet\u00ebsore, p\u00ebr af\u00ebr dy dekada, po ballafaqohen edhe me probleme tjera, nisur nga mungesa e mjeteve, hap\u00ebsir\u00ebs s\u00eb mjaftueshme p\u00ebr pun\u00eb, aparaturave t\u00eb domosdoshme e deri te ikja e stafit mjek\u00ebsor drejt vendeve t\u00eb Bashkimit Evropian. Sistemi sh\u00ebndet\u00ebsor n\u00eb Kosov\u00eb, \u00ebsht\u00eb p\u00ebrballur dhe vazhdon t\u00eb ballafaqohet me [&hellip;]<\/p>\n","protected":false},"author":1,"featured_media":41059,"comment_status":"open","ping_status":"open","sticky":false,"template":"","format":"standard","meta":{"footnotes":""},"categories":[5],"tags":[48,49],"class_list":["post-41058","post","type-post","status-publish","format-standard","has-post-thumbnail","hentry","category-shendetesi","tag-kosove","tag-shendetesi"],"_links":{"self":[{"href":"https:\/\/prizrenpost.com\/al\/wp-json\/wp\/v2\/posts\/41058","targetHints":{"allow":["GET"]}}],"collection":[{"href":"https:\/\/prizrenpost.com\/al\/wp-json\/wp\/v2\/posts"}],"about":[{"href":"https:\/\/prizrenpost.com\/al\/wp-json\/wp\/v2\/types\/post"}],"author":[{"embeddable":true,"href":"https:\/\/prizrenpost.com\/al\/wp-json\/wp\/v2\/users\/1"}],"replies":[{"embeddable":true,"href":"https:\/\/prizrenpost.com\/al\/wp-json\/wp\/v2\/comments?post=41058"}],"version-history":[{"count":0,"href":"https:\/\/prizrenpost.com\/al\/wp-json\/wp\/v2\/posts\/41058\/revisions"}],"wp:featuredmedia":[{"embeddable":true,"href":"https:\/\/prizrenpost.com\/al\/wp-json\/wp\/v2\/media\/41059"}],"wp:attachment":[{"href":"https:\/\/prizrenpost.com\/al\/wp-json\/wp\/v2\/media?parent=41058"}],"wp:term":[{"taxonomy":"category","embeddable":true,"href":"https:\/\/prizrenpost.com\/al\/wp-json\/wp\/v2\/categories?post=41058"},{"taxonomy":"post_tag","embeddable":true,"href":"https:\/\/prizrenpost.com\/al\/wp-json\/wp\/v2\/tags?post=41058"}],"curies":[{"name":"wp","href":"https:\/\/api.w.org\/{rel}","templated":true}]}}