{"id":41415,"date":"2018-06-20T21:56:40","date_gmt":"2018-06-20T19:56:40","guid":{"rendered":"https:\/\/prizrenpost.com\/al\/?p=41415"},"modified":"2018-06-20T21:56:40","modified_gmt":"2018-06-20T19:56:40","slug":"terhiqet-trump-do-te-ndaloje-ndarjen-e-femijeve-nga-prinderit","status":"publish","type":"post","link":"https:\/\/prizrenpost.com\/al\/terhiqet-trump-do-te-ndaloje-ndarjen-e-femijeve-nga-prinderit\/","title":{"rendered":"T\u00ebrhiqet Trump, do t\u00eb ndaloj\u00eb ndarjen e f\u00ebmij\u00ebve nga prind\u00ebrit"},"content":{"rendered":"<p><img decoding=\"async\" src=\"https:\/\/prizrenpost.com\/al\/wp-content\/uploads\/2018\/06\/20180619T0933-0381-CNS-USA-IMMIGRATION.jpg\" alt=\"\" width=\"100%\" height=\"\" class=\"alignleft size-full wp-image-41416\" srcset=\"https:\/\/prizrenpost.com\/al\/wp-content\/uploads\/2018\/06\/20180619T0933-0381-CNS-USA-IMMIGRATION.jpg 2582w, https:\/\/prizrenpost.com\/al\/wp-content\/uploads\/2018\/06\/20180619T0933-0381-CNS-USA-IMMIGRATION-300x200.jpg 300w, https:\/\/prizrenpost.com\/al\/wp-content\/uploads\/2018\/06\/20180619T0933-0381-CNS-USA-IMMIGRATION-768x512.jpg 768w, https:\/\/prizrenpost.com\/al\/wp-content\/uploads\/2018\/06\/20180619T0933-0381-CNS-USA-IMMIGRATION-1024x683.jpg 1024w\" sizes=\"(max-width: 2582px) 100vw, 2582px\" \/><\/p>\n<p><strong>Washington &#8211; Presidenti Amerikan, Donald Trump, premtoi t\u00eb marr\u00eb masa kund\u00ebr ndarjes s\u00eb f\u00ebmij\u00ebve nga prind\u00ebrit emigrant\u00eb, t\u00eb kapur n\u00eb kufi.<\/strong><\/p>\n<p>Vendimi erdhi pas reagimeve t\u00eb shumta nga e gjith\u00eb bota, q\u00eb e quajt\u00ebn at\u00eb mas\u00eb si tep\u00ebr mizore, si dhe pas nj\u00eb mbledhjeje t\u00eb mbajtur nga demokrat\u00ebt q\u00eb njoftuan hartimin e Aktit p\u00ebr Bashkimin e Familjeve.<\/p>\n<p>\u201cDo t\u00eb firmosim di\u00e7ka p\u00ebr ta ndaluar k\u00ebt\u00eb. Kjo ka 50 vite q\u00eb vazhdon\u201d, tha ai p\u00ebr gazetar\u00ebt n\u00eb Sht\u00ebpin\u00eb e Bardh\u00eb, njofton TCH.<\/p>\n<p>Por duke miratuar k\u00ebt\u00eb ligj, Trump kund\u00ebrshton veten. Nj\u00eb dit\u00eb m\u00eb par\u00eb ai thoshte q\u00eb i kishte duart e lidhura e q\u00eb s\u2019mund t\u00eb b\u00ebnte gj\u00eb, pasi nevojitej bashk\u00ebpunimi i demokrat\u00ebve. Nd\u00ebrsa tani po l\u00ebshon nj\u00eb urdh\u00ebr ekzekutiv.<\/p>\n<p>Departamenti i Siguris\u00eb Komb\u00ebtare e ka hartuar k\u00ebt\u00eb urdh\u00ebr ekzekutiv p\u00ebr ta ndaluar praktik\u00ebn e ndarjes s\u00eb familjeve, por p\u00ebrmbajtja \u00ebsht\u00eb ende e paqart\u00eb.<\/p>\n","protected":false},"excerpt":{"rendered":"<p>Washington &#8211; Presidenti Amerikan, Donald Trump, premtoi t\u00eb marr\u00eb masa kund\u00ebr ndarjes s\u00eb f\u00ebmij\u00ebve nga prind\u00ebrit emigrant\u00eb, t\u00eb kapur n\u00eb kufi. Vendimi erdhi pas reagimeve t\u00eb shumta nga e gjith\u00eb bota, q\u00eb e quajt\u00ebn at\u00eb mas\u00eb si tep\u00ebr mizore, si dhe pas nj\u00eb mbledhjeje t\u00eb mbajtur nga demokrat\u00ebt q\u00eb njoftuan hartimin e Aktit p\u00ebr Bashkimin [&hellip;]<\/p>\n","protected":false},"author":1,"featured_media":41416,"comment_status":"open","ping_status":"open","sticky":false,"template":"","format":"standard","meta":{"footnotes":""},"categories":[1],"tags":[3803,2361,821,1950],"class_list":["post-41415","post","type-post","status-publish","format-standard","has-post-thumbnail","hentry","category-lajme","tag-aktuale","tag-amerika","tag-donald-trump","tag-emigrantet"],"_links":{"self":[{"href":"https:\/\/prizrenpost.com\/al\/wp-json\/wp\/v2\/posts\/41415","targetHints":{"allow":["GET"]}}],"collection":[{"href":"https:\/\/prizrenpost.com\/al\/wp-json\/wp\/v2\/posts"}],"about":[{"href":"https:\/\/prizrenpost.com\/al\/wp-json\/wp\/v2\/types\/post"}],"author":[{"embeddable":true,"href":"https:\/\/prizrenpost.com\/al\/wp-json\/wp\/v2\/users\/1"}],"replies":[{"embeddable":true,"href":"https:\/\/prizrenpost.com\/al\/wp-json\/wp\/v2\/comments?post=41415"}],"version-history":[{"count":0,"href":"https:\/\/prizrenpost.com\/al\/wp-json\/wp\/v2\/posts\/41415\/revisions"}],"wp:featuredmedia":[{"embeddable":true,"href":"https:\/\/prizrenpost.com\/al\/wp-json\/wp\/v2\/media\/41416"}],"wp:attachment":[{"href":"https:\/\/prizrenpost.com\/al\/wp-json\/wp\/v2\/media?parent=41415"}],"wp:term":[{"taxonomy":"category","embeddable":true,"href":"https:\/\/prizrenpost.com\/al\/wp-json\/wp\/v2\/categories?post=41415"},{"taxonomy":"post_tag","embeddable":true,"href":"https:\/\/prizrenpost.com\/al\/wp-json\/wp\/v2\/tags?post=41415"}],"curies":[{"name":"wp","href":"https:\/\/api.w.org\/{rel}","templated":true}]}}