{"id":41532,"date":"2018-06-21T16:12:30","date_gmt":"2018-06-21T14:12:30","guid":{"rendered":"https:\/\/prizrenpost.com\/al\/?p=41532"},"modified":"2018-06-21T16:12:30","modified_gmt":"2018-06-21T14:12:30","slug":"bisedimet-kosove-serbi-jane-ne-nje-periudhe-te-veshtire","status":"publish","type":"post","link":"https:\/\/prizrenpost.com\/al\/bisedimet-kosove-serbi-jane-ne-nje-periudhe-te-veshtire\/","title":{"rendered":"Bisedimet Kosov\u00eb-Serbi jan\u00eb n\u00eb nj\u00eb periudh\u00eb t\u00eb v\u00ebshtir\u00eb"},"content":{"rendered":"<p><img decoding=\"async\" src=\"https:\/\/prizrenpost.com\/al\/wp-content\/uploads\/2018\/06\/arifi.jpg\" alt=\"\" width=\"100%\" height=\"\" class=\"alignleft size-full wp-image-41533\" srcset=\"https:\/\/prizrenpost.com\/al\/wp-content\/uploads\/2018\/06\/arifi.jpg 780w, https:\/\/prizrenpost.com\/al\/wp-content\/uploads\/2018\/06\/arifi-300x169.jpg 300w, https:\/\/prizrenpost.com\/al\/wp-content\/uploads\/2018\/06\/arifi-768x432.jpg 768w\" sizes=\"(max-width: 780px) 100vw, 780px\" \/><\/p>\n<p><strong>Prishtin\u00eb &#8211; Udh\u00ebheq\u00ebsi i delegacionit t\u00eb Kosov\u00ebs p\u00ebr bisedimet teknike me Serbin\u00eb, Avni Arifi, thot\u00eb se bisedimet aktuale ndodhen n\u00eb nj\u00eb faz\u00eb kritike p\u00ebr t\u00eb ardhmen e vendit. N\u00eb nj\u00eb bised\u00eb p\u00ebr Z\u00ebrin e Amerik\u00ebs, Arifi thot\u00eb se nuk pret ndonj\u00eb rezultat nga takimi i caktuar p\u00ebr t\u00eb diel\u00ebn nd\u00ebrmjet presidentit t\u00eb Kosov\u00ebs, Hashim Tha\u00e7i dhe atij t\u00eb Serbis\u00eb, Al\u00ebksand\u00ebr Vu\u00e7iq.<\/strong><\/p>\n<p>Ai thot\u00eb se deklaratat e zyrtar\u00ebve serb po i hedhin si\u00e7 thot\u00eb nj\u00eb hije t\u00eb r\u00ebnd\u00eb takimit.<\/p>\n<p>\u201cEdhe her\u00ebn e fundit ka pasur pritje t\u00eb ndryshme dhe takimi i fundit ka shkuar shum\u00eb keq faktikisht. Pritje nuk kam. T\u00eb presim \u00e7far\u00eb po ndodh me marr\u00ebveshjen, aq m\u00eb par\u00eb u habita kur me gjith\u00eb insistimin e bashk\u00ebsis\u00eb nd\u00ebrkomb\u00ebtare dhe t\u00eb Bashkimit Evropian se ekziston nj\u00eb marr\u00ebveshje p\u00ebr energji, \u00ebsht\u00eb e pakuptueshme dhe e \u00e7uditshme kur presidenti i Serbis\u00eb dhe kryeministrja dalin e flasin se nuk ka marr\u00ebveshje p\u00ebr energji. Nj\u00eb lloj cinizmi i till\u00eb i sjell\u00eb nj\u00eb hije t\u00eb zez\u00eb apo nj\u00eb hije t\u00eb r\u00ebnd\u00eb t\u00eb k\u00ebtij takimi dhe i humb shpresat q\u00eb do t\u00eb ket\u00eb nj\u00eb zhvillim konstruktiv n\u00eb k\u00ebt\u00eb aspekt. Nuk kam pritje fare, nuk besoj q\u00eb do t\u00eb ket\u00eb di\u00e7ka t\u00eb mir\u00eb por megjithat\u00eb mir\u00eb q\u00eb po takohen\u201d, tha ai.<\/p>\n<p>Partit\u00eb politike n\u00eb Kosov\u00eb jan\u00eb p\u00ebrfshir\u00eb n\u00eb debate p\u00ebr t\u00eb ardhmen e bisedimeve dhe rolin udh\u00ebheq\u00ebs t\u00eb tyre. Derisa presidenti Tha\u00e7i thot\u00eb se me kushtetut\u00eb dhe ligje e ka detyrim q\u00eb t\u00eb p\u00ebrfaq\u00ebsoj\u00eb Kosov\u00ebn dhe t\u2019u prij\u00eb bisedimeve deri n\u00eb fund t\u00eb k\u00ebtij procesi, partit\u00eb opozitare mendojn\u00eb se \u00ebsht\u00eb parlamenti ai q\u00eb mund t\u2019i jap mandatin udh\u00ebheqjes s\u00eb bisedimeve.<\/p>\n<p>Arifi thot\u00eb se \u00ebsht\u00eb shum\u00eb me r\u00ebnd\u00ebsi q\u00eb partit\u00eb politike n\u00eb Kosov\u00eb t\u00eb merren vesh p\u00ebr t\u00eb ardhmen e bisedimeve.<\/p>\n<p>\u201c\u00cbsht\u00eb mir\u00eb q\u00eb n\u00eb nivel t\u00eb shefave t\u00eb grupeve parlamentare, n\u00eb nivel t\u00eb kryetar\u00ebve t\u00eb partive t\u00eb mb\u00ebrrijn\u00eb te nj\u00eb marr\u00ebveshje sepse jo q\u00eb vet\u00ebm e v\u00ebshtir\u00ebson por besoj q\u00eb edhe d\u00ebmton procesin dhe duhet t\u00eb jemi s\u00eb bashku n\u00eb k\u00ebt\u00eb proces\u201d, tha ai.<\/p>\n<p>Presidenti i Kosov\u00ebs, Hashim Tha\u00e7i pritet q\u00eb t\u00eb takohet t\u00eb diel\u00ebn n\u00eb Bruksel me presidentin e Serbis\u00eb Aleksand\u00ebr Vu\u00e7iq. Takimi shihet si nj\u00eb p\u00ebrpjekje p\u00ebr t\u2019i hapur rrug\u00eb arritjes s\u00eb nj\u00eb marr\u00ebveshjeje detyruese ligjore p\u00ebr normalizimin e marr\u00ebdh\u00ebnieve nd\u00ebrmjet t\u00eb dyja vendeve.<\/p>\n<p>Por, k\u00ebsaj radhe nuk do t\u00eb ket\u00eb takim nd\u00ebrmjet ekipeve teknike q\u00eb zakonisht hapin rrug\u00ebn p\u00ebr bisedime politike.<\/p>\n<p>Arifi thot\u00eb se takimet e tilla nuk kan\u00eb kuptim pa zbatimin e marr\u00ebveshjeve nga ana e Serbis\u00eb, posa\u00e7\u00ebrisht t\u00eb asaj p\u00ebr energjin\u00eb.<\/p>\n<p>\u201cZbatimi i marr\u00ebveshjes s\u00eb energjis\u00eb nuk \u00ebsht\u00eb proces, \u00ebsht\u00eb akt, zbatimi do t\u00eb filloj menj\u00ebher\u00eb vet\u00ebm me nj\u00eb vullnet politik n\u00eb Beograd p\u00ebrderisa \u00ebsht\u00eb e kot\u00eb q\u00eb ne t\u00eb shkojm\u00eb n\u00eb Bruksel kur Serbia nuk ka vullnet politik p\u00ebr zbatimin e marr\u00ebveshjes. N\u00ebse nuk ka vullnet politik t\u00eb zbatimit t\u00eb k\u00ebsaj marr\u00ebveshjeje at\u00ebher\u00eb pse t\u00eb shkojm\u00eb ne n\u00eb Bruksel, pse t\u00eb diskutojm\u00eb tema tjera kur \u00ebsht\u00eb \u00e7\u00ebshtje thjesht\u00eb e past\u00ebr e munges\u00ebs s\u00eb vullnetit politik p\u00ebr nj\u00eb tem\u00eb shum\u00eb t\u00eb r\u00ebnd\u00ebsishme p\u00ebr Kosov\u00ebn e cila mbyllet p\u00ebr dy apo tri bisedime\u201d, tha Arifi.<\/p>\n<p>Ai thot\u00eb se mospajtime t\u00eb thella po ndjekin edhe \u00e7\u00ebshtjen e Asociacionit t\u00eb Komunave me shumic\u00eb serbe, meq\u00eb t\u00eb dyja pal\u00ebt po flasin koncepte t\u00eb ndryshme.<\/p>\n<p>\u201cNe e kemi d\u00ebgjuar edhe m\u00eb her\u00ebt nga Federica Mogherini pastaj edhe tash n\u00eb Bruksel u tha haptazi se Asociacioni i komunave serbe nuk do t\u00eb ket\u00eb kompetenca ekzekutive, do t\u00eb jet\u00eb brenda p\u00ebr brenda korniz\u00ebs kushtetuese dhe ligjeve t\u00eb Kosov\u00ebs. Mir\u00ebpo megjithat\u00eb Beogradi po vazhdon t\u00eb pretendoj\u00eb se me asociacion kan\u00eb n\u00eb mendje Republika Serpska dhe sipas veprimeve t\u00eb deritanishme dhe q\u00ebndrimeve politike, nuk besoj q\u00eb jemi duke folur p\u00ebr t\u00eb nj\u00ebjt\u00ebn marr\u00ebveshje\u201d, tha ai.<\/p>\n<p>Serbia k\u00ebrkon q\u00eb ky mekaniz\u00ebm t\u00eb krijohet sipas marr\u00ebveshjes s\u00eb arritur n\u00eb vitin 2015, q\u00eb parasheh p\u00ebrgjegj\u00ebsi t\u00eb gjera n\u00eb disa fusha, por Gjykata Kushtetuese e Kosov\u00ebs kishte gjetur shkelje t\u00eb shumta n\u00eb marr\u00ebveshje dhe sipas opinionit t\u00eb saj, asociacioni mund t\u00eb krijohet vet\u00ebm sipas kushtetut\u00ebs dhe ligjeve t\u00eb Kosov\u00ebs.<\/p>\n<p>Serbia k\u00ebrkon ndryshime n\u00eb Kushtetut\u00ebn e Kosov\u00ebs p\u00ebr t\u00eb mund\u00ebsuar kalimin e m\u00eb shum\u00eb p\u00ebrgjegj\u00ebsive ekzekutive tek asociacioni i komunave me shumic\u00eb serbe.<\/p>\n<p>Arifi thot\u00eb se q\u00ebndrimi i shumic\u00ebs s\u00eb forcave politike n\u00eb Kosov\u00eb \u00ebsht\u00eb q\u00eb nuk do t\u00eb ket\u00eb ndryshime t\u00eb tilla.<\/p>\n","protected":false},"excerpt":{"rendered":"<p>Prishtin\u00eb &#8211; Udh\u00ebheq\u00ebsi i delegacionit t\u00eb Kosov\u00ebs p\u00ebr bisedimet teknike me Serbin\u00eb, Avni Arifi, thot\u00eb se bisedimet aktuale ndodhen n\u00eb nj\u00eb faz\u00eb kritike p\u00ebr t\u00eb ardhmen e vendit. N\u00eb nj\u00eb bised\u00eb p\u00ebr Z\u00ebrin e Amerik\u00ebs, Arifi thot\u00eb se nuk pret ndonj\u00eb rezultat nga takimi i caktuar p\u00ebr t\u00eb diel\u00ebn nd\u00ebrmjet presidentit t\u00eb Kosov\u00ebs, Hashim Tha\u00e7i [&hellip;]<\/p>\n","protected":false},"author":1,"featured_media":41533,"comment_status":"open","ping_status":"open","sticky":false,"template":"","format":"standard","meta":{"footnotes":""},"categories":[1],"tags":[3395,4266],"class_list":["post-41532","post","type-post","status-publish","format-standard","has-post-thumbnail","hentry","category-lajme","tag-avni-arifi","tag-dialogu-kosove-serbi"],"_links":{"self":[{"href":"https:\/\/prizrenpost.com\/al\/wp-json\/wp\/v2\/posts\/41532","targetHints":{"allow":["GET"]}}],"collection":[{"href":"https:\/\/prizrenpost.com\/al\/wp-json\/wp\/v2\/posts"}],"about":[{"href":"https:\/\/prizrenpost.com\/al\/wp-json\/wp\/v2\/types\/post"}],"author":[{"embeddable":true,"href":"https:\/\/prizrenpost.com\/al\/wp-json\/wp\/v2\/users\/1"}],"replies":[{"embeddable":true,"href":"https:\/\/prizrenpost.com\/al\/wp-json\/wp\/v2\/comments?post=41532"}],"version-history":[{"count":0,"href":"https:\/\/prizrenpost.com\/al\/wp-json\/wp\/v2\/posts\/41532\/revisions"}],"wp:featuredmedia":[{"embeddable":true,"href":"https:\/\/prizrenpost.com\/al\/wp-json\/wp\/v2\/media\/41533"}],"wp:attachment":[{"href":"https:\/\/prizrenpost.com\/al\/wp-json\/wp\/v2\/media?parent=41532"}],"wp:term":[{"taxonomy":"category","embeddable":true,"href":"https:\/\/prizrenpost.com\/al\/wp-json\/wp\/v2\/categories?post=41532"},{"taxonomy":"post_tag","embeddable":true,"href":"https:\/\/prizrenpost.com\/al\/wp-json\/wp\/v2\/tags?post=41532"}],"curies":[{"name":"wp","href":"https:\/\/api.w.org\/{rel}","templated":true}]}}