{"id":41604,"date":"2018-06-23T15:18:12","date_gmt":"2018-06-23T13:18:12","guid":{"rendered":"https:\/\/prizrenpost.com\/al\/?p=41604"},"modified":"2018-06-23T15:18:12","modified_gmt":"2018-06-23T13:18:12","slug":"vucic-provokimi-i-futbollisteve-shqiptare-nuk-duhet-ta-demotivoje-serbine","status":"publish","type":"post","link":"https:\/\/prizrenpost.com\/al\/vucic-provokimi-i-futbollisteve-shqiptare-nuk-duhet-ta-demotivoje-serbine\/","title":{"rendered":"Vu\u00e7i\u00e7: Provokimi i futbollist\u00ebve shqiptar\u00eb, nuk duhet ta demotivoj\u00eb Serbin\u00eb"},"content":{"rendered":"<p><img decoding=\"async\" src=\"https:\/\/prizrenpost.com\/al\/wp-content\/uploads\/2018\/06\/vucic-2.jpg\" alt=\"\" width=\"100%\" height=\"\" class=\"alignleft size-full wp-image-41605\" srcset=\"https:\/\/prizrenpost.com\/al\/wp-content\/uploads\/2018\/06\/vucic-2.jpg 884w, https:\/\/prizrenpost.com\/al\/wp-content\/uploads\/2018\/06\/vucic-2-300x180.jpg 300w, https:\/\/prizrenpost.com\/al\/wp-content\/uploads\/2018\/06\/vucic-2-768x460.jpg 768w\" sizes=\"(max-width: 884px) 100vw, 884px\" \/><\/p>\n<p><strong>Beograd &#8211; Aleksandar Vu\u00e7i\u00e7 ka reaguar mbi simbolin e shqiponj\u00ebs q\u00eb dy shqiptar\u00ebt q\u00eb luajn\u00eb p\u00ebr Zvicr\u00ebn, Granit Xhaka dhe Xherdan Shaqiri, b\u00ebn\u00eb pasi golave t\u00eb sh\u00ebnuar mbr\u00ebmjen e kaluar ndaj Serbis\u00eb.<\/strong><\/p>\n<p>\u201cProvokimi i futbollist\u00ebve shqiptar\u00eb, nuk duhet ta demotivoj\u00eb Serbin\u00eb\u201d, ka deklaruar Vu\u00e7i\u00e7 duke shtuar se serb\u00ebt nuk kan\u00eb ofenduar ask\u00ebnd, ashtu si\u00e7, sipas tij, b\u00ebn\u00eb shqiptar\u00ebt.<\/p>\n<p>\u201cKombi yn\u00eb \u00ebsht\u00eb i bashkuar, i bashkuar edhe n\u00eb trishtim dhe v\u00ebshtir\u00ebsi, por ne nuk e fyem ask\u00ebnd, sepse e duam vendin ton\u00eb dhe nuk e urrejm\u00eb ask\u00ebnd. Ne do t\u00eb mb\u00ebshtesim lojtar\u00ebt tan\u00eb, ne besojm\u00eb n\u00eb fitore n\u00eb ndeshjen e ardhshme. Dhe, n\u00ebse nuk fitojm\u00eb, do t\u00eb vazhdojm\u00eb ta duam ekipin ton\u00eb\u201d, ka th\u00ebn\u00eb presidenti Vu\u00e7ic.<\/p>\n","protected":false},"excerpt":{"rendered":"<p>Beograd &#8211; Aleksandar Vu\u00e7i\u00e7 ka reaguar mbi simbolin e shqiponj\u00ebs q\u00eb dy shqiptar\u00ebt q\u00eb luajn\u00eb p\u00ebr Zvicr\u00ebn, Granit Xhaka dhe Xherdan Shaqiri, b\u00ebn\u00eb pasi golave t\u00eb sh\u00ebnuar mbr\u00ebmjen e kaluar ndaj Serbis\u00eb. \u201cProvokimi i futbollist\u00ebve shqiptar\u00eb, nuk duhet ta demotivoj\u00eb Serbin\u00eb\u201d, ka deklaruar Vu\u00e7i\u00e7 duke shtuar se serb\u00ebt nuk kan\u00eb ofenduar ask\u00ebnd, ashtu si\u00e7, sipas [&hellip;]<\/p>\n","protected":false},"author":1,"featured_media":41605,"comment_status":"open","ping_status":"open","sticky":false,"template":"","format":"standard","meta":{"footnotes":""},"categories":[1],"tags":[1159,1250,799,1188,1189],"class_list":["post-41604","post","type-post","status-publish","format-standard","has-post-thumbnail","hentry","category-lajme","tag-aleksandar-vucic","tag-granit-xhaka","tag-serbia","tag-xherdan-shaqiri","tag-zvicra"],"_links":{"self":[{"href":"https:\/\/prizrenpost.com\/al\/wp-json\/wp\/v2\/posts\/41604","targetHints":{"allow":["GET"]}}],"collection":[{"href":"https:\/\/prizrenpost.com\/al\/wp-json\/wp\/v2\/posts"}],"about":[{"href":"https:\/\/prizrenpost.com\/al\/wp-json\/wp\/v2\/types\/post"}],"author":[{"embeddable":true,"href":"https:\/\/prizrenpost.com\/al\/wp-json\/wp\/v2\/users\/1"}],"replies":[{"embeddable":true,"href":"https:\/\/prizrenpost.com\/al\/wp-json\/wp\/v2\/comments?post=41604"}],"version-history":[{"count":0,"href":"https:\/\/prizrenpost.com\/al\/wp-json\/wp\/v2\/posts\/41604\/revisions"}],"wp:featuredmedia":[{"embeddable":true,"href":"https:\/\/prizrenpost.com\/al\/wp-json\/wp\/v2\/media\/41605"}],"wp:attachment":[{"href":"https:\/\/prizrenpost.com\/al\/wp-json\/wp\/v2\/media?parent=41604"}],"wp:term":[{"taxonomy":"category","embeddable":true,"href":"https:\/\/prizrenpost.com\/al\/wp-json\/wp\/v2\/categories?post=41604"},{"taxonomy":"post_tag","embeddable":true,"href":"https:\/\/prizrenpost.com\/al\/wp-json\/wp\/v2\/tags?post=41604"}],"curies":[{"name":"wp","href":"https:\/\/api.w.org\/{rel}","templated":true}]}}