{"id":41636,"date":"2018-06-24T10:25:39","date_gmt":"2018-06-24T08:25:39","guid":{"rendered":"https:\/\/prizrenpost.com\/al\/?p=41636"},"modified":"2018-06-24T10:25:39","modified_gmt":"2018-06-24T08:25:39","slug":"ne-turqi-po-mbahen-zgjedhjet-me-te-rendesishme-ne-historine-turke","status":"publish","type":"post","link":"https:\/\/prizrenpost.com\/al\/ne-turqi-po-mbahen-zgjedhjet-me-te-rendesishme-ne-historine-turke\/","title":{"rendered":"N\u00eb Turqi po mbahen zgjedhjet m\u00eb t\u00eb r\u00ebnd\u00ebsishme n\u00eb historin\u00eb turke"},"content":{"rendered":"<p><img decoding=\"async\" src=\"https:\/\/prizrenpost.com\/al\/wp-content\/uploads\/2018\/06\/zgjedhjet-turqi.jpg\" alt=\"\" width=\"100%\" height=\"\" class=\"alignleft size-full wp-image-41637\" srcset=\"https:\/\/prizrenpost.com\/al\/wp-content\/uploads\/2018\/06\/zgjedhjet-turqi.jpg 844w, https:\/\/prizrenpost.com\/al\/wp-content\/uploads\/2018\/06\/zgjedhjet-turqi-300x173.jpg 300w, https:\/\/prizrenpost.com\/al\/wp-content\/uploads\/2018\/06\/zgjedhjet-turqi-768x442.jpg 768w\" sizes=\"(max-width: 844px) 100vw, 844px\" \/><\/p>\n<p><strong>Ankara &#8211; Zgjedhjet presidenciale dhe t\u00eb 27-tat parlamentare n\u00eb Turqi filluan sot n\u00eb m\u00ebngjes n\u00eb or\u00ebn 8:00 sipas koh\u00ebs lokale, nd\u00ebrsa qytetar\u00ebt turq deri n\u00eb or\u00ebn 17:00 do t\u00eb ken\u00eb mund\u00ebsin\u00eb t\u00eb zgjedhin presidentin dhe deputet\u00ebt n\u00eb kuvend, raporton Anadolu Agency.<\/strong><\/p>\n<p>Sipas statistikave zgjedhore t\u00eb publikuara nga Komisioni i Lart\u00eb Zgjedhor (YSK), 56.322.632 votues do t\u00eb shfryt\u00ebzojn\u00eb t\u00eb drejt\u00ebn e tyre n\u00eb 180.065 kuti votimi.<\/p>\n<p>Zgjedhjet e sotme karakterizohen me nj\u00eb num\u00ebr risish, si\u00e7 jan\u00eb &#8220;kutia mobile e votimit&#8221; p\u00ebr personat e s\u00ebmur\u00eb dhe me aft\u00ebsi t\u00eb kufizuara, mbajtja e zgjedhjeve presidenciale dhe parlamentare n\u00eb t\u00eb nj\u00ebjt\u00ebn dit\u00eb, si dhe aleancat parazgjedhore mes partive p\u00ebr her\u00eb t\u00eb par\u00eb n\u00eb historin\u00eb politike t\u00eb Turqis\u00eb.<\/p>\n<p>Gjasht\u00eb kandidat\u00eb do t\u00eb garojn\u00eb n\u00eb zgjedhjet presidenciale t\u00eb Turqis\u00eb. Presidenti i tanish\u00ebm Recep Tayyip Erdo\u011fan \u00ebsht\u00eb kandidat i p\u00ebrbashk\u00ebt i Aleanc\u00ebs Popullore, e cila p\u00ebrb\u00ebhet nga Partia e Drejt\u00ebsis\u00eb dhe Zhvillimit (AK Parti) dhe Partia e L\u00ebvizjes Nacionaliste (MHP). Kandidat i Partis\u00eb Republikane Popullore (CHP) \u00ebsht\u00eb Muharrem Ince, kurse Partia Demokratike e Popujve (HDP) ka nominuar Selahatin Demirta\u015f.<\/p>\n<p>N\u00eb zgjedhje do t\u00eb garojn\u00eb edhe Meral Ak\u015fener, kryetarja e Partis\u00eb \u0130Y\u0130, e cila u kandidua duke tubuar 100 mij\u00eb n\u00ebnshkrime, Temel Karamollao\u011flu, kryetar i Partis\u00eb Saadet, si dhe Do\u011fu Perin\u00e7ek, kryetar i Partis\u00eb Vatan.<\/p>\n<p>N\u00eb Zgjedhjet e 27-ta Parlamentare do t\u00eb garojn\u00eb AK Parti, CHP, HDP, H\u00dcDA PAR, Partia \u0130Y\u0130, MHP, Partia Saadet dhe Partia Vatan. Kandidat\u00ebt e BBP-s\u00eb do t\u00eb garojn\u00eb nga list\u00eb e AK Partis\u00eb, kurse ata t\u00eb DP-s\u00eb nga lista e Partis\u00eb \u0130Y\u0130.<\/p>\n<p>N\u00eb vend t\u00eb 550 deputet\u00ebve, q\u00eb ishte numri para miratimit t\u00eb ndryshimeve kushtetuese me referendumin e vitit t\u00eb kaluar, votuesit do t\u00eb zgjedhin 600 deputet\u00eb.<\/p>\n<p>Me ndryshimet e reja ligjore, u mund\u00ebsua q\u00eb partit\u00eb politike t\u00eb mund t\u00eb garojn\u00eb n\u00eb aleanca. AK Partia dhe MHP do t\u00eb garjojn\u00eb bashkarisht si &#8220;Aleanca Popullore&#8221;, nd\u00ebrsa CHP, Partia \u0130Y\u0130, Partia Saadet dhe Partia Demokratike (DP) do t\u00eb hyjn\u00eb n\u00eb zgjedhje si &#8220;Aleanca e Kombit&#8221;.<\/p>\n<p>Ndryshe, n\u00eb prill t\u00eb k\u00ebtij viti, parlamenti miratoi nj\u00eb projekt-ligj p\u00ebr shkuarje n\u00eb zgjedhje t\u00eb parakohshme m\u00eb 24 qershor, duke synuar forcimin e sistemit presidencial t\u00eb Turqis\u00eb t\u00eb miratuar me referendum vitin e kaluar.<\/p>\n<p>M\u00eb 16 prill t\u00eb vitit 2017, Turqia mbajti nj\u00eb referendum q\u00eb k\u00ebrkoi nga votuesit t\u00eb vendosin p\u00ebr ndryshime kushtetuese n\u00eb 18 nene p\u00ebr t\u00eb kaluar nga sistemi parlamentar n\u00eb sistem presidencial.<\/p>\n<p>Sipas ndryshimeve t\u00eb reja kushtetuese, zgjedhjet presidenciale dhe ato parlamentare mbahen n\u00eb t\u00eb nj\u00ebjt\u00ebn dat\u00eb n\u00eb \u00e7do pes\u00eb vite.<\/p>\n","protected":false},"excerpt":{"rendered":"<p>Ankara &#8211; Zgjedhjet presidenciale dhe t\u00eb 27-tat parlamentare n\u00eb Turqi filluan sot n\u00eb m\u00ebngjes n\u00eb or\u00ebn 8:00 sipas koh\u00ebs lokale, nd\u00ebrsa qytetar\u00ebt turq deri n\u00eb or\u00ebn 17:00 do t\u00eb ken\u00eb mund\u00ebsin\u00eb t\u00eb zgjedhin presidentin dhe deputet\u00ebt n\u00eb kuvend, raporton Anadolu Agency. Sipas statistikave zgjedhore t\u00eb publikuara nga Komisioni i Lart\u00eb Zgjedhor (YSK), 56.322.632 votues do [&hellip;]<\/p>\n","protected":false},"author":1,"featured_media":41637,"comment_status":"open","ping_status":"open","sticky":false,"template":"","format":"standard","meta":{"footnotes":""},"categories":[1],"tags":[938,943,1289],"class_list":["post-41636","post","type-post","status-publish","format-standard","has-post-thumbnail","hentry","category-lajme","tag-turqi","tag-zgjedhjet-parlamentare","tag-zgjedhjet-presidenciale"],"_links":{"self":[{"href":"https:\/\/prizrenpost.com\/al\/wp-json\/wp\/v2\/posts\/41636","targetHints":{"allow":["GET"]}}],"collection":[{"href":"https:\/\/prizrenpost.com\/al\/wp-json\/wp\/v2\/posts"}],"about":[{"href":"https:\/\/prizrenpost.com\/al\/wp-json\/wp\/v2\/types\/post"}],"author":[{"embeddable":true,"href":"https:\/\/prizrenpost.com\/al\/wp-json\/wp\/v2\/users\/1"}],"replies":[{"embeddable":true,"href":"https:\/\/prizrenpost.com\/al\/wp-json\/wp\/v2\/comments?post=41636"}],"version-history":[{"count":0,"href":"https:\/\/prizrenpost.com\/al\/wp-json\/wp\/v2\/posts\/41636\/revisions"}],"wp:featuredmedia":[{"embeddable":true,"href":"https:\/\/prizrenpost.com\/al\/wp-json\/wp\/v2\/media\/41637"}],"wp:attachment":[{"href":"https:\/\/prizrenpost.com\/al\/wp-json\/wp\/v2\/media?parent=41636"}],"wp:term":[{"taxonomy":"category","embeddable":true,"href":"https:\/\/prizrenpost.com\/al\/wp-json\/wp\/v2\/categories?post=41636"},{"taxonomy":"post_tag","embeddable":true,"href":"https:\/\/prizrenpost.com\/al\/wp-json\/wp\/v2\/tags?post=41636"}],"curies":[{"name":"wp","href":"https:\/\/api.w.org\/{rel}","templated":true}]}}