{"id":41761,"date":"2018-06-25T14:21:01","date_gmt":"2018-06-25T12:21:01","guid":{"rendered":"https:\/\/prizrenpost.com\/al\/?p=41761"},"modified":"2018-06-25T14:21:01","modified_gmt":"2018-06-25T12:21:01","slug":"i-ndalohet-hyrja-ne-shba-ish-shefit-te-nato-s","status":"publish","type":"post","link":"https:\/\/prizrenpost.com\/al\/i-ndalohet-hyrja-ne-shba-ish-shefit-te-nato-s\/","title":{"rendered":"I ndalohet hyrja n\u00eb SHBA ish-shefit t\u00eb NATO-s"},"content":{"rendered":"<p><img decoding=\"async\" src=\"https:\/\/prizrenpost.com\/al\/wp-content\/uploads\/2018\/06\/solana.jpg\" alt=\"\" width=\"100%\" height=\"\" class=\"alignleft size-full wp-image-41762\" srcset=\"https:\/\/prizrenpost.com\/al\/wp-content\/uploads\/2018\/06\/solana.jpg 884w, https:\/\/prizrenpost.com\/al\/wp-content\/uploads\/2018\/06\/solana-300x180.jpg 300w, https:\/\/prizrenpost.com\/al\/wp-content\/uploads\/2018\/06\/solana-768x460.jpg 768w\" sizes=\"(max-width: 884px) 100vw, 884px\" \/><\/p>\n<p><strong>Washington &#8211; Nj\u00eb udh\u00ebtim n\u00eb Iran ka b\u00ebr\u00eb q\u00eb ish-sekretarit t\u00eb P\u00ebrgjithsh\u00ebm t\u00eb NATO-s, Havier Solana, t\u2019i mohohet viza amerikane.<\/strong><\/p>\n<p>Havier Solana, i cili ka qen\u00eb edhe minist\u00ebr i Jasht\u00ebm spanjoll, pasi udh\u00ebtoi p\u00ebr n\u00eb Iran, nj\u00eb nga vendet t\u00eb cilat presidenti i SHBA-s\u00eb Donald Trump i ka vendosur n\u00eb \u201clist\u00ebn e zez\u00eb\u201d t\u00eb tij.<\/p>\n<p>Solana, i cili duhej t\u00eb mbaj\u00eb nj\u00eb fjalim n\u00eb Institutin Brookings n\u00eb Uashington, iu mohua viza amerikane n\u00eb sistemin elektronik \u201cp\u00ebr shkak t\u00eb vizit\u00ebs s\u00eb nj\u00eb shteti armik\u201d.<\/p>\n<p>Havier Solana, aktualisht n\u00eb mosh\u00ebn 75 vje\u00e7are, tha se ai e konsideronte k\u00ebt\u00eb akt \u201cm\u00eb shum\u00eb burokratik sesa politik\u201d, njofton TCH. <\/p>\n","protected":false},"excerpt":{"rendered":"<p>Washington &#8211; Nj\u00eb udh\u00ebtim n\u00eb Iran ka b\u00ebr\u00eb q\u00eb ish-sekretarit t\u00eb P\u00ebrgjithsh\u00ebm t\u00eb NATO-s, Havier Solana, t\u2019i mohohet viza amerikane. Havier Solana, i cili ka qen\u00eb edhe minist\u00ebr i Jasht\u00ebm spanjoll, pasi udh\u00ebtoi p\u00ebr n\u00eb Iran, nj\u00eb nga vendet t\u00eb cilat presidenti i SHBA-s\u00eb Donald Trump i ka vendosur n\u00eb \u201clist\u00ebn e zez\u00eb\u201d t\u00eb tij. [&hellip;]<\/p>\n","protected":false},"author":1,"featured_media":41762,"comment_status":"open","ping_status":"open","sticky":false,"template":"","format":"standard","meta":{"footnotes":""},"categories":[1],"tags":[2361,4471,1051],"class_list":["post-41761","post","type-post","status-publish","format-standard","has-post-thumbnail","hentry","category-lajme","tag-amerika","tag-havier-solana","tag-nato"],"_links":{"self":[{"href":"https:\/\/prizrenpost.com\/al\/wp-json\/wp\/v2\/posts\/41761","targetHints":{"allow":["GET"]}}],"collection":[{"href":"https:\/\/prizrenpost.com\/al\/wp-json\/wp\/v2\/posts"}],"about":[{"href":"https:\/\/prizrenpost.com\/al\/wp-json\/wp\/v2\/types\/post"}],"author":[{"embeddable":true,"href":"https:\/\/prizrenpost.com\/al\/wp-json\/wp\/v2\/users\/1"}],"replies":[{"embeddable":true,"href":"https:\/\/prizrenpost.com\/al\/wp-json\/wp\/v2\/comments?post=41761"}],"version-history":[{"count":0,"href":"https:\/\/prizrenpost.com\/al\/wp-json\/wp\/v2\/posts\/41761\/revisions"}],"wp:featuredmedia":[{"embeddable":true,"href":"https:\/\/prizrenpost.com\/al\/wp-json\/wp\/v2\/media\/41762"}],"wp:attachment":[{"href":"https:\/\/prizrenpost.com\/al\/wp-json\/wp\/v2\/media?parent=41761"}],"wp:term":[{"taxonomy":"category","embeddable":true,"href":"https:\/\/prizrenpost.com\/al\/wp-json\/wp\/v2\/categories?post=41761"},{"taxonomy":"post_tag","embeddable":true,"href":"https:\/\/prizrenpost.com\/al\/wp-json\/wp\/v2\/tags?post=41761"}],"curies":[{"name":"wp","href":"https:\/\/api.w.org\/{rel}","templated":true}]}}