{"id":41779,"date":"2018-06-26T09:52:59","date_gmt":"2018-06-26T07:52:59","guid":{"rendered":"https:\/\/prizrenpost.com\/al\/?p=41779"},"modified":"2018-06-26T09:52:59","modified_gmt":"2018-06-26T07:52:59","slug":"hahn-te-hapen-negociatat-me-shqiperine-dhe-maqedonine","status":"publish","type":"post","link":"https:\/\/prizrenpost.com\/al\/hahn-te-hapen-negociatat-me-shqiperine-dhe-maqedonine\/","title":{"rendered":"Hahn: T\u00eb hapen negociatat me Shqip\u00ebrin\u00eb dhe Maqedonin\u00eb"},"content":{"rendered":"<p><img decoding=\"async\" src=\"https:\/\/prizrenpost.com\/al\/wp-content\/uploads\/2018\/06\/hahn.jpg\" alt=\"\" width=\"100%\" height=\"\" class=\"alignleft size-full wp-image-41780\" srcset=\"https:\/\/prizrenpost.com\/al\/wp-content\/uploads\/2018\/06\/hahn.jpg 884w, https:\/\/prizrenpost.com\/al\/wp-content\/uploads\/2018\/06\/hahn-300x180.jpg 300w, https:\/\/prizrenpost.com\/al\/wp-content\/uploads\/2018\/06\/hahn-768x460.jpg 768w\" sizes=\"(max-width: 884px) 100vw, 884px\" \/><\/p>\n<p>Bruksel &#8211; Komisioneri i BE-s\u00eb p\u00ebr zgjerimin, Johannes Hahn i b\u00ebn thirrje BE t\u00eb hap\u00eb negociatat e an\u00ebtar\u00ebsimit me Shqip\u00ebrin\u00eb dhe Maqedonin\u00eb. Rajoni i Ballkanit Per\u00ebndimor ka nevoj\u00eb p\u00ebr nj\u00eb sinjal pozitiv nga BE.<\/p>\n<p>Thirrja vjen n\u00eb prag t\u00eb takimit t\u00eb ministrave t\u00eb Jasht\u00ebm t\u00eb vendeve an\u00ebtare t\u00eb BE, t\u00eb s\u00eb mart\u00ebn n\u00eb Luksemburg, q\u00eb paraprin vendimin e K\u00ebshillit Europian n\u00eb Samitin vendimtar t\u00eb BE, n\u00eb fund t\u00eb k\u00ebsaj jave, m\u00eb 28-29 qershor. Burime zyrtare nga Komisioni Europian b\u00ebjn\u00eb me dije se Johannes Hahn, komisioner p\u00ebr Zgjerimin dhe Fqinj\u00ebsin\u00eb e mir\u00eb, i b\u00ebri apel t\u00eb h\u00ebn\u00ebn vendeve an\u00ebtare t\u00eb BE t\u2019i japin drit\u00ebn e gjelb\u00ebr fillimit t\u00eb bisedimeve t\u00eb an\u00ebtar\u00ebsimit me Shqip\u00ebrin\u00eb dhe Maqedonin\u00eb duke theksuar r\u00ebnd\u00ebsin\u00eb e dh\u00ebnies s\u00eb \u201cnj\u00eb sinjali pozitiv\u201d p\u00ebr gjith\u00eb rajonin e Ballkanit Per\u00ebndimor.<\/p>\n<p>Arritjet n\u00eb Ballkanin Per\u00ebndimor \u2013 rezultat i perspektiv\u00ebs europiane<br \/>\nShqip\u00ebria dhe Maqedonia kan\u00eb shpres\u00eb q\u00eb n\u00eb takimin e sot\u00ebm n\u00eb Luksemburg, ministrat e Jasht\u00ebm t\u00eb BE do t\u00eb bien dakort p\u00ebr r\u00ebnd\u00ebsin\u00eb e dh\u00ebnies s\u00eb sinjalit pozitiv dhe t\u00eb hapin rrug\u00ebn p\u00ebr miratimin nga K\u00ebshilli Europian n\u00eb Samitin e k\u00ebsaj fundjave. Por kjo nuk dakort\u00ebsi nuk shfaqet e leht\u00eb p\u00ebr t\u2019u arritur. Franca dhe Hollanda k\u00ebrkojn\u00eb m\u00eb shum\u00eb reforma p\u00ebr t\u00eb luftuar krimin e organizuar dhe korrupsionin dhe mund t\u00eb k\u00ebrkojn\u00eb fillimin e bisedimeve me kushte p\u00ebr t\u00eb dyja vendet. P\u00ebrve\u00e7 k\u00ebsaj, Presidenti i Franc\u00ebs, Emanuel Macron, k\u00ebrkon q\u00eb BE t\u00eb reformohet dhe pastaj t\u00eb zgjerohet, ide e cila nuk ka gjetur mb\u00ebshtetje nga Gjermania dhe vendet\u00eb tjera t\u00eb BE.<\/p>\n<p>\u201cT\u00eb gjith\u00eb jemi t\u00eb nd\u00ebrgjegjsh\u00ebm \u2013 dhe shpresoj q\u00eb ky \u00ebsht\u00eb m\u00eb n\u00eb fund rasti \u2013 sesa e r\u00ebnd\u00ebsishme \u00ebsht\u00eb dh\u00ebnia e nj\u00eb sinjal pozitiv n\u00eb rajon. Kemi arritur shum\u00eb dhe n\u00ebse shihni arritjet n\u00eb rajon, edhe vet\u00ebm n\u00eb muajt e kaluar\u2026 t\u00eb gjitha jan\u00eb rezultat i perspektiv\u00ebs europiane. N\u00ebse kjo nuk shihet, kuptohet dhe p\u00ebrgjigjet n\u00eb m\u00ebnyr\u00eb adekuate, nuk do t\u00eb mund ta kuptoja\u201d tha Hahn dje n\u00eb Luksemburg, gjat\u00eb zhvillimit t\u00eb konferenc\u00ebs nd\u00ebrqeveritare.<\/p>\n<p>Si arritje kryesore p\u00ebr Maqedonin\u00eb Hahn ve\u04aboi n\u00ebnshkrimin, n\u00eb fillim t\u00eb k\u00ebtij muaji, t\u00eb marr\u00ebveshjes me Greqin\u00eb p\u00ebr ta riem\u00ebruar \u201cRepublika e Maqedonis\u00eb Veriore \u201d ish-Republik\u00ebn Jugosllave t\u00eb Maqedonis\u00eb , duke p\u00ebrfunduar k\u00ebshtu nj\u00eb grindje 27 vje\u00e7are mes dy vendeve, p\u00ebr t\u00eb cil\u00ebn Maqedonia\u201d duhet t\u00eb shp\u00ebrblehet\u201d me hapjen e negociatave. Nd\u00ebrsa p\u00ebr Shqip\u00ebrin\u00eb arritja kryesore \u00ebsht\u00eb reforma n\u00eb drejt\u00ebsi dhe zbatimi i procesit t\u00eb vettingut.<br \/>\n\u00c7far\u00eb mund t\u00eb ndodh\u00eb n\u00ebse negociatat nuk hapen?<\/p>\n<p>\u201cN\u00ebse kjo nuk do t\u00eb shp\u00ebrblehet n\u00eb nj\u00eb m\u00ebnyr\u00eb kuptimplote, mendoj se do t\u00eb ket\u00eb nj\u00eb ndikim t\u00eb jasht\u00ebzakonsh\u00ebm dhe t\u00eb menj\u00ebhersh\u00ebm n\u00eb stabilitetin e rajonit\u201d paralajm\u00ebroi Hahn, K\u00ebshillin Europian. Politikan\u00eb t\u00eb lart\u00eb t\u00eb Shqip\u00ebris\u00eb mendojn\u00eb se n\u00ebse K\u00ebshilli Europian nuk voton pro hapjes s\u00eb negociatave, shqiptar\u00ebt mund t\u00eb humbin besimin n\u00eb perspektiv\u00ebn europiane. Kryeministri Rama \u00ebsht\u00eb shprehur se l\u00ebnia m\u00ebnjan\u00eb e Ballkanit mund t\u00eb krijoj\u00eb nj\u00eb zon\u00eb gri n\u00eb mes t\u00eb Europ\u00ebs q\u00eb mund t\u00eb p\u00ebrfundoj\u00eb n\u00ebn ndikimin e huaj dhe nga kjo nuk do t\u00eb p\u00ebrfitonte Europa, njofton TCH.<\/p>\n","protected":false},"excerpt":{"rendered":"<p>Bruksel &#8211; Komisioneri i BE-s\u00eb p\u00ebr zgjerimin, Johannes Hahn i b\u00ebn thirrje BE t\u00eb hap\u00eb negociatat e an\u00ebtar\u00ebsimit me Shqip\u00ebrin\u00eb dhe Maqedonin\u00eb. Rajoni i Ballkanit Per\u00ebndimor ka nevoj\u00eb p\u00ebr nj\u00eb sinjal pozitiv nga BE. Thirrja vjen n\u00eb prag t\u00eb takimit t\u00eb ministrave t\u00eb Jasht\u00ebm t\u00eb vendeve an\u00ebtare t\u00eb BE, t\u00eb s\u00eb mart\u00ebn n\u00eb Luksemburg, q\u00eb [&hellip;]<\/p>\n","protected":false},"author":1,"featured_media":41780,"comment_status":"open","ping_status":"open","sticky":false,"template":"","format":"standard","meta":{"footnotes":""},"categories":[1],"tags":[3803,3831,888,370],"class_list":["post-41779","post","type-post","status-publish","format-standard","has-post-thumbnail","hentry","category-lajme","tag-aktuale","tag-johannes-hahn","tag-maqedonia","tag-shqiperia"],"_links":{"self":[{"href":"https:\/\/prizrenpost.com\/al\/wp-json\/wp\/v2\/posts\/41779","targetHints":{"allow":["GET"]}}],"collection":[{"href":"https:\/\/prizrenpost.com\/al\/wp-json\/wp\/v2\/posts"}],"about":[{"href":"https:\/\/prizrenpost.com\/al\/wp-json\/wp\/v2\/types\/post"}],"author":[{"embeddable":true,"href":"https:\/\/prizrenpost.com\/al\/wp-json\/wp\/v2\/users\/1"}],"replies":[{"embeddable":true,"href":"https:\/\/prizrenpost.com\/al\/wp-json\/wp\/v2\/comments?post=41779"}],"version-history":[{"count":0,"href":"https:\/\/prizrenpost.com\/al\/wp-json\/wp\/v2\/posts\/41779\/revisions"}],"wp:featuredmedia":[{"embeddable":true,"href":"https:\/\/prizrenpost.com\/al\/wp-json\/wp\/v2\/media\/41780"}],"wp:attachment":[{"href":"https:\/\/prizrenpost.com\/al\/wp-json\/wp\/v2\/media?parent=41779"}],"wp:term":[{"taxonomy":"category","embeddable":true,"href":"https:\/\/prizrenpost.com\/al\/wp-json\/wp\/v2\/categories?post=41779"},{"taxonomy":"post_tag","embeddable":true,"href":"https:\/\/prizrenpost.com\/al\/wp-json\/wp\/v2\/tags?post=41779"}],"curies":[{"name":"wp","href":"https:\/\/api.w.org\/{rel}","templated":true}]}}