{"id":41790,"date":"2018-06-26T13:02:26","date_gmt":"2018-06-26T11:02:26","guid":{"rendered":"https:\/\/prizrenpost.com\/al\/?p=41790"},"modified":"2018-06-26T13:02:26","modified_gmt":"2018-06-26T11:02:26","slug":"terhiqet-trump-ska-ndjekje-penale-per-emigrantet-ne-kufi","status":"publish","type":"post","link":"https:\/\/prizrenpost.com\/al\/terhiqet-trump-ska-ndjekje-penale-per-emigrantet-ne-kufi\/","title":{"rendered":"T\u00ebrhiqet Trump, s\u2019ka ndjekje penale p\u00ebr emigrant\u00ebt n\u00eb kufi"},"content":{"rendered":"<p><img decoding=\"async\" src=\"https:\/\/prizrenpost.com\/al\/wp-content\/uploads\/2018\/06\/trump-1.jpg\" alt=\"\" width=\"100%\" height=\"\" class=\"alignleft size-full wp-image-41791\" srcset=\"https:\/\/prizrenpost.com\/al\/wp-content\/uploads\/2018\/06\/trump-1.jpg 884w, https:\/\/prizrenpost.com\/al\/wp-content\/uploads\/2018\/06\/trump-1-300x180.jpg 300w, https:\/\/prizrenpost.com\/al\/wp-content\/uploads\/2018\/06\/trump-1-768x460.jpg 768w\" sizes=\"(max-width: 884px) 100vw, 884px\" \/><\/p>\n<p><strong>Washington &#8211; Administrata e Donald Trump b\u00ebn nj\u00eb tjet\u00ebr hap prapa duke vendosur t\u00eb t\u00ebrhiqet deri diku nga politika e toleranc\u00ebs zero n\u00eb kufi.<\/strong><\/p>\n<p>Komisionieri i mbrojtjes kufitare dhe doganave, Kevin McAleenan sqaroi se ndjekja penale e emigrant\u00ebve q\u00eb kalojn\u00eb ilegalisht kufirin p\u00ebr t\u00eb hyr\u00eb n\u00eb Shtetet e Bashkuara t\u00eb Amerik\u00ebs \u00ebsht\u00eb pezulluar p\u00ebrkoh\u00ebsisht.<\/p>\n<p>N\u00eb k\u00ebt\u00eb m\u00ebnyre, si\u00e7 thot\u00eb ai, thjesht u zbatua urdhri i dh\u00ebn\u00eb jav\u00ebn e kaluar nga shefi i Sht\u00ebpis\u00eb s\u00eb Bardh\u00eb p\u00ebr fundin e ndarjes s\u00eb familjeve, nj\u00eb fenomen ky q\u00eb ka shkaktuar polemika t\u00eb m\u00ebdha si brenda Shteteve t\u00eb Bashkuara, ashtu edhe jasht\u00eb tyre.<\/p>\n<p>Por ajo q\u00eb Trump n\u00eb fakt sugjeronte ishte q\u00eb familjet t\u00eb ndaloheshin s\u00eb bashku. Presidenti republikan iu dor\u00ebzua presionit publik t\u00eb m\u00ebrkur\u00ebn kur firmosi urdhrin ekzekutiv, i cili i mban familjet bashk\u00eb n\u00eb qendrat e emigranteve.<\/p>\n<p>McAleenan thot\u00eb se taktikat e tolerances zero vazhdojn\u00eb t\u00eb mbeten n\u00eb fuqi, por sipas BBC-s\u00eb, udh\u00ebzimet e tij ndaj agjenteve kan\u00eb krijuar nj\u00eb lloj p\u00ebshtjellimi.<\/p>\n<p>Sipas k\u00ebsaj praktike, prind\u00ebrit nuk mund t\u00eb ndiqen penalisht n\u00ebse jan\u00eb t\u00eb shoq\u00ebruar me f\u00ebmij\u00eb dhe zyrtaret amerikane nuk kan\u00eb m\u00eb nd\u00ebrmend ti ndajn\u00eb. Kjo do t\u00eb thot\u00eb se agjent\u00ebt kufitare q\u00eb ndalojn\u00eb emigrant\u00eb t\u00eb rritur pa dokumente t\u00eb shoq\u00ebruar nga t\u00eb mitur, do t\u2019i dor\u00ebzojn\u00eb nj\u00eb flet\u00eb q\u00eb d\u00ebshmon shkeljen e do t\u2019i l\u00ebn\u00eb t\u00eb largohen n\u00eb pun\u00ebn e tyre n\u00eb vend q\u00eb t\u2019i mbajn\u00eb n\u00eb qendrat e ndalimit, njofton TCH.<\/p>\n","protected":false},"excerpt":{"rendered":"<p>Washington &#8211; Administrata e Donald Trump b\u00ebn nj\u00eb tjet\u00ebr hap prapa duke vendosur t\u00eb t\u00ebrhiqet deri diku nga politika e toleranc\u00ebs zero n\u00eb kufi. Komisionieri i mbrojtjes kufitare dhe doganave, Kevin McAleenan sqaroi se ndjekja penale e emigrant\u00ebve q\u00eb kalojn\u00eb ilegalisht kufirin p\u00ebr t\u00eb hyr\u00eb n\u00eb Shtetet e Bashkuara t\u00eb Amerik\u00ebs \u00ebsht\u00eb pezulluar p\u00ebrkoh\u00ebsisht. N\u00eb [&hellip;]<\/p>\n","protected":false},"author":1,"featured_media":41791,"comment_status":"open","ping_status":"open","sticky":false,"template":"","format":"standard","meta":{"footnotes":""},"categories":[1],"tags":[2361,821,1950],"class_list":["post-41790","post","type-post","status-publish","format-standard","has-post-thumbnail","hentry","category-lajme","tag-amerika","tag-donald-trump","tag-emigrantet"],"_links":{"self":[{"href":"https:\/\/prizrenpost.com\/al\/wp-json\/wp\/v2\/posts\/41790","targetHints":{"allow":["GET"]}}],"collection":[{"href":"https:\/\/prizrenpost.com\/al\/wp-json\/wp\/v2\/posts"}],"about":[{"href":"https:\/\/prizrenpost.com\/al\/wp-json\/wp\/v2\/types\/post"}],"author":[{"embeddable":true,"href":"https:\/\/prizrenpost.com\/al\/wp-json\/wp\/v2\/users\/1"}],"replies":[{"embeddable":true,"href":"https:\/\/prizrenpost.com\/al\/wp-json\/wp\/v2\/comments?post=41790"}],"version-history":[{"count":0,"href":"https:\/\/prizrenpost.com\/al\/wp-json\/wp\/v2\/posts\/41790\/revisions"}],"wp:featuredmedia":[{"embeddable":true,"href":"https:\/\/prizrenpost.com\/al\/wp-json\/wp\/v2\/media\/41791"}],"wp:attachment":[{"href":"https:\/\/prizrenpost.com\/al\/wp-json\/wp\/v2\/media?parent=41790"}],"wp:term":[{"taxonomy":"category","embeddable":true,"href":"https:\/\/prizrenpost.com\/al\/wp-json\/wp\/v2\/categories?post=41790"},{"taxonomy":"post_tag","embeddable":true,"href":"https:\/\/prizrenpost.com\/al\/wp-json\/wp\/v2\/tags?post=41790"}],"curies":[{"name":"wp","href":"https:\/\/api.w.org\/{rel}","templated":true}]}}