{"id":41799,"date":"2018-06-26T13:42:20","date_gmt":"2018-06-26T11:42:20","guid":{"rendered":"https:\/\/prizrenpost.com\/al\/?p=41799"},"modified":"2018-06-26T13:42:20","modified_gmt":"2018-06-26T11:42:20","slug":"mos-kini-frike-nga-shqiponja-rama-publikon-llogarine-kontribute-per-xhaken-e-shaqirin","status":"publish","type":"post","link":"https:\/\/prizrenpost.com\/al\/mos-kini-frike-nga-shqiponja-rama-publikon-llogarine-kontribute-per-xhaken-e-shaqirin\/","title":{"rendered":"\u201cMos kini frik\u00eb nga shqiponja!\u201d. Rama publikon llogarin\u00eb, kontribute p\u00ebr Xhak\u00ebn e Shaqirin"},"content":{"rendered":"<p><img decoding=\"async\" src=\"https:\/\/prizrenpost.com\/al\/wp-content\/uploads\/2018\/06\/foto-5.jpg\" alt=\"\" width=\"100%\" height=\"\" class=\"alignleft size-full wp-image-41800\" srcset=\"https:\/\/prizrenpost.com\/al\/wp-content\/uploads\/2018\/06\/foto-5.jpg 960w, https:\/\/prizrenpost.com\/al\/wp-content\/uploads\/2018\/06\/foto-5-300x215.jpg 300w, https:\/\/prizrenpost.com\/al\/wp-content\/uploads\/2018\/06\/foto-5-768x550.jpg 768w\" sizes=\"(max-width: 960px) 100vw, 960px\" \/><\/p>\n<p><strong>Tiran\u00eb &#8211; Fobis\u00eb nd\u00ebrkomb\u00ebtare, kryesisht serbe dhe organeve t\u00eb futbollit europian e bot\u00ebror, komuniteti shqiptar i \u00ebsht\u00eb kund\u00ebrp\u00ebrgjigjur p\u00ebr t\u00eb legjitimuar nj\u00eb m\u00ebnyr\u00eb festimi normale dhe mbi t\u00eb gjitha q\u00eb s\u2019duhet t\u00eb tremb ask\u00ebnd.<\/strong><\/p>\n<p>Gjith\u00e7ka nis me festimin e golave q\u00eb b\u00ebn dy futbollist\u00ebt shqiptar\u00eb t\u00eb p\u00ebrfaq\u00ebsueses zvicerane Granit Xhaka dhe Xherdan Shaqirit, n\u00eb ndeshjen q\u00eb fituan 2-1 ndaj Serbis\u00eb. FIFA not\u00ebs s\u00eb protest\u00ebs s\u00eb pal\u00ebs serbe dhe lobimeve t\u00eb tyre ju p\u00ebrgjigj me gjobitje t\u00eb dy lojtar\u00ebve shqiptar\u00eb me nga 10 mij\u00eb franga secilin nga dy lojtar\u00eb shqiptar\u00eb dhe 5 mij\u00eb franga kapitenin zivceran Lishtajner, q\u00eb b\u00ebri t\u00eb nj\u00ebjt\u00ebn gj\u00eb.<\/p>\n<p>P\u00ebr k\u00ebt\u00eb padrejt\u00ebsi ka reaguar edhe Kryeministri i vendit Edi Rama, i cili n\u00ebp\u00ebrmjet nj\u00eb publikimi n\u00eb rrjetin e tij social \u201cFacebook\u201d, ka sqaruar edhe nj\u00eb her\u00eb q\u00eb shenja e dy duarve shqiponj\u00eb \u00ebsht\u00eb shenja jon\u00eb dalluese e komunikimit n\u00eb raste g\u00ebzimi dhe me keqardhje p\u00ebr ata q\u00eb e keqinterpretuan shenj\u00ebn e g\u00ebzimit krejt spontan nga nj\u00eb moment i bukur sportiv, n\u00eb \u201cRaiffeisen Bank\u201d \u00ebsht\u00eb hapur llogaria \u201cMOS KINI FRIKE NGA SHQIPONJA\u201d.<\/p>\n<p>Kjo \u00ebsht\u00eb nj\u00eb llogari n\u00eb t\u00eb cil\u00ebn po kontribuohet p\u00ebr t\u00eb paguar gjob\u00ebn e cila n\u00eb total \u00ebsht\u00eb 25 mij\u00eb franga zvicerane p\u00ebr t\u00eb tre lojtar\u00ebt. Nj\u00eb nism\u00eb e till\u00eb \u00ebsht\u00eb nd\u00ebrmarr\u00eb edhe n\u00eb europ\u00eb ku prej rreth 14 or\u00ebsh ka filluar grumbullimi i fondeve. Sipas t\u00eb dh\u00ebnave t\u00eb para flitet t\u00eb jen\u00eb grumbulluar deri n\u00eb k\u00ebto momente rreth 12 mij\u00eb dollar\u00eb.<\/p>\n","protected":false},"excerpt":{"rendered":"<p>Tiran\u00eb &#8211; Fobis\u00eb nd\u00ebrkomb\u00ebtare, kryesisht serbe dhe organeve t\u00eb futbollit europian e bot\u00ebror, komuniteti shqiptar i \u00ebsht\u00eb kund\u00ebrp\u00ebrgjigjur p\u00ebr t\u00eb legjitimuar nj\u00eb m\u00ebnyr\u00eb festimi normale dhe mbi t\u00eb gjitha q\u00eb s\u2019duhet t\u00eb tremb ask\u00ebnd. Gjith\u00e7ka nis me festimin e golave q\u00eb b\u00ebn dy futbollist\u00ebt shqiptar\u00eb t\u00eb p\u00ebrfaq\u00ebsueses zvicerane Granit Xhaka dhe Xherdan Shaqirit, n\u00eb ndeshjen [&hellip;]<\/p>\n","protected":false},"author":1,"featured_media":41800,"comment_status":"open","ping_status":"open","sticky":false,"template":"","format":"standard","meta":{"footnotes":""},"categories":[1],"tags":[369,1674,1250,1188,1189],"class_list":["post-41799","post","type-post","status-publish","format-standard","has-post-thumbnail","hentry","category-lajme","tag-edi-rama","tag-fifa","tag-granit-xhaka","tag-xherdan-shaqiri","tag-zvicra"],"_links":{"self":[{"href":"https:\/\/prizrenpost.com\/al\/wp-json\/wp\/v2\/posts\/41799","targetHints":{"allow":["GET"]}}],"collection":[{"href":"https:\/\/prizrenpost.com\/al\/wp-json\/wp\/v2\/posts"}],"about":[{"href":"https:\/\/prizrenpost.com\/al\/wp-json\/wp\/v2\/types\/post"}],"author":[{"embeddable":true,"href":"https:\/\/prizrenpost.com\/al\/wp-json\/wp\/v2\/users\/1"}],"replies":[{"embeddable":true,"href":"https:\/\/prizrenpost.com\/al\/wp-json\/wp\/v2\/comments?post=41799"}],"version-history":[{"count":0,"href":"https:\/\/prizrenpost.com\/al\/wp-json\/wp\/v2\/posts\/41799\/revisions"}],"wp:featuredmedia":[{"embeddable":true,"href":"https:\/\/prizrenpost.com\/al\/wp-json\/wp\/v2\/media\/41800"}],"wp:attachment":[{"href":"https:\/\/prizrenpost.com\/al\/wp-json\/wp\/v2\/media?parent=41799"}],"wp:term":[{"taxonomy":"category","embeddable":true,"href":"https:\/\/prizrenpost.com\/al\/wp-json\/wp\/v2\/categories?post=41799"},{"taxonomy":"post_tag","embeddable":true,"href":"https:\/\/prizrenpost.com\/al\/wp-json\/wp\/v2\/tags?post=41799"}],"curies":[{"name":"wp","href":"https:\/\/api.w.org\/{rel}","templated":true}]}}