{"id":41917,"date":"2018-06-29T14:51:42","date_gmt":"2018-06-29T12:51:42","guid":{"rendered":"https:\/\/prizrenpost.com\/al\/?p=41917"},"modified":"2018-06-29T14:51:42","modified_gmt":"2018-06-29T12:51:42","slug":"haskuka-nuk-lejohet-te-kaloje-neper-serbi-cfare-normalizimi-mund-te-bejme-me-keto-veprime","status":"publish","type":"post","link":"https:\/\/prizrenpost.com\/al\/haskuka-nuk-lejohet-te-kaloje-neper-serbi-cfare-normalizimi-mund-te-bejme-me-keto-veprime\/","title":{"rendered":"Haskuka nuk lejohet t\u00eb kaloj\u00eb n\u00ebp\u00ebr Serbi, \u00e7far\u00eb normalizimi mund t\u00eb b\u00ebjm\u00eb me k\u00ebto veprime?"},"content":{"rendered":"<p><img decoding=\"async\" src=\"https:\/\/prizrenpost.com\/al\/wp-content\/uploads\/2018\/06\/haskuka-1.jpg\" alt=\"\" width=\"100%\" height=\"\" class=\"alignleft size-full wp-image-41918\" srcset=\"https:\/\/prizrenpost.com\/al\/wp-content\/uploads\/2018\/06\/haskuka-1.jpg 960w, https:\/\/prizrenpost.com\/al\/wp-content\/uploads\/2018\/06\/haskuka-1-300x199.jpg 300w, https:\/\/prizrenpost.com\/al\/wp-content\/uploads\/2018\/06\/haskuka-1-768x510.jpg 768w\" sizes=\"(max-width: 960px) 100vw, 960px\" \/><\/p>\n<p><strong>Prizren &#8211; Kryetari i Prizrenit, Mytaher Haskuka, ka njoftuar p\u00ebrmes llogaris\u00eb s\u00eb tij n\u00eb Facebook se nuk i \u00ebsht\u00eb lejuar kalimin n\u00ebp\u00ebr Serbi dhe \u00ebsht\u00eb kthyer prapa nga polic\u00ebt serb\u00eb.<\/strong><\/p>\n<p>Ky \u00ebsht\u00eb postimi i plot\u00eb i Haskuk\u00ebs:<\/p>\n<p><em>Para pak koh\u00ebsh qyteti i Osijekut n\u00eb Kroaci m\u00eb ftoi n\u00eb vizit\u00eb pune. Edhe pse nuk kam kaluar ka Serbia m\u00eb shum\u00eb se 20 vite, me rekomandim t\u00eb shok\u00ebve q\u00eb jetojn\u00eb n\u00eb Kroaci, vendos\u00ebm t\u00eb udh\u00ebtonim nga Serbia.<\/p>\n<p>Momentin q\u00eb arrit\u00ebm n\u00eb kufi, polic\u00ebt serb k\u00ebrkuan q\u00eb t\u00eb parkonim vetur\u00ebn dhe t\u00eb presim. Pasi q\u00eb na l\u00ebn\u00eb rreth nj\u00eb or\u00eb t\u00eb presim, nj\u00ebri nga polic\u00ebt u afrua dhe k\u00ebrkoi q\u00eb ta shoq\u00ebroja deri n\u00eb zyre.<\/p>\n<p>Aty m\u00eb tha q\u00eb e kam t\u00eb ndaluar hyrjen n\u00eb Serbi. Kur e pyeta pse, m\u00eb tha q\u00eb nuk mund t\u00eb m\u00eb tregoj, por q\u00eb nuk mund t\u00eb kaloj ka Serbia dhe duhet t\u00eb kthehem menj\u00ebher\u00eb prapa dhe q\u00eb duhet t\u00eb ndihem me fat ngase kisha mundur t\u00eb kaloja edhe m\u00eb keq.<\/p>\n<p>Pasi q\u00eb na kthyen prapa, vendos\u00ebm t\u00eb shkojm\u00eb n\u00eb Osijek ka rruga e gjat\u00eb, k\u00ebsaj here kah bregdeti edhe pse rruga ishte trefish m\u00eb e gjat\u00eb.<\/p>\n<p>Nat\u00ebn von\u00eb kur arrit\u00ebm n\u00eb Osijek, pash lajmet q\u00eb \u00e7etnik\u00ebt serb festonin humbjen e tyre n\u00eb Gazimestan. Parollat e njejta t\u00eb viteve t\u00eb 90-ta, &#8220;Kosova \u00ebsht\u00eb Serbi&#8221; dhe thirrje p\u00ebr mobilizim nga patriark\u00ebt ortodoks\u00eb serb\u00eb p\u00ebr ta kthyer &#8220;djepin&#8221; e Serbis\u00eb.<\/p>\n<p>\u00c7far\u00eb normalizimi me Serbin\u00eb?<\/p>\n<p>N\u00eb 20 vitetet e fundit, me ndihm\u00ebn e pushtetareve tan\u00eb t\u00eb korruptuar dhe me bisedime n\u00eb Bruksel kemi normalizuar fashizmin serb ndaj Kosov\u00ebs. Ata t\u00eb diskriminojn\u00eb t\u00eb kthejn\u00eb nga kufiri pa arsye, nd\u00ebrsa ne ju lejojm\u00eb demonstrimin me simbole fashiste njer\u00ebzve q\u00eb kan\u00eb kryer masakra n\u00eb Kosov\u00eb. P\u00ebr m\u00eb keq, fashizmi dhe racizmi serb ndaj Kosov\u00ebs, u normalizua jo vet\u00ebm n\u00eb Serbi, por edhe n\u00eb institucionet nd\u00ebrkomb\u00ebtare, ashtu si na e v\u00ebrtetoi edhe vendimi i fundit i FIFA-s, lidhur me simbolin e shqiponj\u00ebs.<\/em><\/p>\n","protected":false},"excerpt":{"rendered":"<p>Prizren &#8211; Kryetari i Prizrenit, Mytaher Haskuka, ka njoftuar p\u00ebrmes llogaris\u00eb s\u00eb tij n\u00eb Facebook se nuk i \u00ebsht\u00eb lejuar kalimin n\u00ebp\u00ebr Serbi dhe \u00ebsht\u00eb kthyer prapa nga polic\u00ebt serb\u00eb. Ky \u00ebsht\u00eb postimi i plot\u00eb i Haskuk\u00ebs: Para pak koh\u00ebsh qyteti i Osijekut n\u00eb Kroaci m\u00eb ftoi n\u00eb vizit\u00eb pune. Edhe pse nuk kam kaluar [&hellip;]<\/p>\n","protected":false},"author":1,"featured_media":41918,"comment_status":"open","ping_status":"open","sticky":false,"template":"","format":"standard","meta":{"footnotes":""},"categories":[1,22],"tags":[287,4116,41,799],"class_list":["post-41917","post","type-post","status-publish","format-standard","has-post-thumbnail","hentry","category-lajme","category-prizren","tag-kosova","tag-mytaher-haskuka","tag-prizren","tag-serbia"],"_links":{"self":[{"href":"https:\/\/prizrenpost.com\/al\/wp-json\/wp\/v2\/posts\/41917","targetHints":{"allow":["GET"]}}],"collection":[{"href":"https:\/\/prizrenpost.com\/al\/wp-json\/wp\/v2\/posts"}],"about":[{"href":"https:\/\/prizrenpost.com\/al\/wp-json\/wp\/v2\/types\/post"}],"author":[{"embeddable":true,"href":"https:\/\/prizrenpost.com\/al\/wp-json\/wp\/v2\/users\/1"}],"replies":[{"embeddable":true,"href":"https:\/\/prizrenpost.com\/al\/wp-json\/wp\/v2\/comments?post=41917"}],"version-history":[{"count":0,"href":"https:\/\/prizrenpost.com\/al\/wp-json\/wp\/v2\/posts\/41917\/revisions"}],"wp:featuredmedia":[{"embeddable":true,"href":"https:\/\/prizrenpost.com\/al\/wp-json\/wp\/v2\/media\/41918"}],"wp:attachment":[{"href":"https:\/\/prizrenpost.com\/al\/wp-json\/wp\/v2\/media?parent=41917"}],"wp:term":[{"taxonomy":"category","embeddable":true,"href":"https:\/\/prizrenpost.com\/al\/wp-json\/wp\/v2\/categories?post=41917"},{"taxonomy":"post_tag","embeddable":true,"href":"https:\/\/prizrenpost.com\/al\/wp-json\/wp\/v2\/tags?post=41917"}],"curies":[{"name":"wp","href":"https:\/\/api.w.org\/{rel}","templated":true}]}}