{"id":42005,"date":"2018-06-30T23:01:30","date_gmt":"2018-06-30T21:01:30","guid":{"rendered":"https:\/\/prizrenpost.com\/al\/?p=42005"},"modified":"2018-06-30T23:08:35","modified_gmt":"2018-06-30T21:08:35","slug":"haskuka-kriminelet-dhe-vandalet-nuk-na-ndalin-dot-prizreni-po-behet","status":"publish","type":"post","link":"https:\/\/prizrenpost.com\/al\/haskuka-kriminelet-dhe-vandalet-nuk-na-ndalin-dot-prizreni-po-behet\/","title":{"rendered":"Haskuka: Kriminel\u00ebt dhe vandal\u00ebt nuk na ndalin dot, Prizreni po b\u00ebhet"},"content":{"rendered":"<p><img decoding=\"async\" src=\"https:\/\/prizrenpost.com\/al\/wp-content\/uploads\/2018\/06\/fidanet-prizren.png\" alt=\"\" width=\"100%\" height=\"\" class=\"alignleft size-full wp-image-42008\" srcset=\"https:\/\/prizrenpost.com\/al\/wp-content\/uploads\/2018\/06\/fidanet-prizren.png 1077w, https:\/\/prizrenpost.com\/al\/wp-content\/uploads\/2018\/06\/fidanet-prizren-300x203.png 300w, https:\/\/prizrenpost.com\/al\/wp-content\/uploads\/2018\/06\/fidanet-prizren-768x519.png 768w, https:\/\/prizrenpost.com\/al\/wp-content\/uploads\/2018\/06\/fidanet-prizren-1024x692.png 1024w\" sizes=\"(max-width: 1077px) 100vw, 1077px\" \/><\/p>\n<p><strong>Prizren &#8211; Kryetari i Komun\u00ebs s\u00eb Prizrenit Mytaher Haskuka ka reaguar ndaj d\u00ebmtimeve vulgare q\u00eb u jan\u00eb b\u00ebr\u00eb sot fidaneve t\u00eb sapo mbjellura n\u00eb rrug\u00ebt e Prizrenit.<\/strong><\/p>\n<p>Ky \u00ebsht\u00eb reagimi i plot\u00eb i Haskuk\u00ebs n\u00eb Facebook:<\/p>\n<p><em>P\u00ebrs\u00ebri jan\u00eb d\u00ebmtuar dhe vjedhur dhjetra fidane t\u00eb reja. Ata q\u00eb d\u00ebmtojn\u00eb natyr\u00ebn d\u00ebmtojn\u00eb t\u00eb tashmen por edhe t\u00eb ardhmen e f\u00ebmij\u00ebve tan\u00eb, prandaj shpresoj q\u00eb policia ti gjej p\u00ebgjegjsit sa m\u00eb shpejt.<\/p>\n<p>Kriminel\u00ebt dhe vandal\u00ebt nuk na ndalin! Prizreni po b\u00ebhet p\u00ebrkund\u00ebr sabotimeve t\u00eb vandal\u00ebve q\u00eb shkat\u00ebrojn\u00eb investimet komunale. Gjelb\u00ebrimi do t&#8217;i kthehet Prizrenit.<\/em><\/p>\n","protected":false},"excerpt":{"rendered":"<p>Prizren &#8211; Kryetari i Komun\u00ebs s\u00eb Prizrenit Mytaher Haskuka ka reaguar ndaj d\u00ebmtimeve vulgare q\u00eb u jan\u00eb b\u00ebr\u00eb sot fidaneve t\u00eb sapo mbjellura n\u00eb rrug\u00ebt e Prizrenit. Ky \u00ebsht\u00eb reagimi i plot\u00eb i Haskuk\u00ebs n\u00eb Facebook: P\u00ebrs\u00ebri jan\u00eb d\u00ebmtuar dhe vjedhur dhjetra fidane t\u00eb reja. Ata q\u00eb d\u00ebmtojn\u00eb natyr\u00ebn d\u00ebmtojn\u00eb t\u00eb tashmen por edhe t\u00eb [&hellip;]<\/p>\n","protected":false},"author":1,"featured_media":42008,"comment_status":"open","ping_status":"open","sticky":false,"template":"","format":"standard","meta":{"footnotes":""},"categories":[22],"tags":[3803,4116,41],"class_list":["post-42005","post","type-post","status-publish","format-standard","has-post-thumbnail","hentry","category-prizren","tag-aktuale","tag-mytaher-haskuka","tag-prizren"],"_links":{"self":[{"href":"https:\/\/prizrenpost.com\/al\/wp-json\/wp\/v2\/posts\/42005","targetHints":{"allow":["GET"]}}],"collection":[{"href":"https:\/\/prizrenpost.com\/al\/wp-json\/wp\/v2\/posts"}],"about":[{"href":"https:\/\/prizrenpost.com\/al\/wp-json\/wp\/v2\/types\/post"}],"author":[{"embeddable":true,"href":"https:\/\/prizrenpost.com\/al\/wp-json\/wp\/v2\/users\/1"}],"replies":[{"embeddable":true,"href":"https:\/\/prizrenpost.com\/al\/wp-json\/wp\/v2\/comments?post=42005"}],"version-history":[{"count":0,"href":"https:\/\/prizrenpost.com\/al\/wp-json\/wp\/v2\/posts\/42005\/revisions"}],"wp:featuredmedia":[{"embeddable":true,"href":"https:\/\/prizrenpost.com\/al\/wp-json\/wp\/v2\/media\/42008"}],"wp:attachment":[{"href":"https:\/\/prizrenpost.com\/al\/wp-json\/wp\/v2\/media?parent=42005"}],"wp:term":[{"taxonomy":"category","embeddable":true,"href":"https:\/\/prizrenpost.com\/al\/wp-json\/wp\/v2\/categories?post=42005"},{"taxonomy":"post_tag","embeddable":true,"href":"https:\/\/prizrenpost.com\/al\/wp-json\/wp\/v2\/tags?post=42005"}],"curies":[{"name":"wp","href":"https:\/\/api.w.org\/{rel}","templated":true}]}}