{"id":42041,"date":"2018-07-03T08:30:31","date_gmt":"2018-07-03T06:30:31","guid":{"rendered":"https:\/\/prizrenpost.com\/al\/?p=42041"},"modified":"2018-07-03T08:30:31","modified_gmt":"2018-07-03T06:30:31","slug":"fond-sherimi-me-parate-e-shqiponjes","status":"publish","type":"post","link":"https:\/\/prizrenpost.com\/al\/fond-sherimi-me-parate-e-shqiponjes\/","title":{"rendered":"Fond sh\u00ebrimi me parat\u00eb e shqiponj\u00ebs"},"content":{"rendered":"<p><img decoding=\"async\" src=\"https:\/\/prizrenpost.com\/al\/wp-content\/uploads\/2018\/07\/images-4.jpeg\" alt=\"\" width=\"100%\" height=\"\" class=\"alignleft size-full wp-image-42042\" srcset=\"https:\/\/prizrenpost.com\/al\/wp-content\/uploads\/2018\/07\/images-4.jpeg 511w, https:\/\/prizrenpost.com\/al\/wp-content\/uploads\/2018\/07\/images-4-300x169.jpeg 300w\" sizes=\"(max-width: 511px) 100vw, 511px\" \/><\/p>\n<p><strong>Prishtin\u00eb &#8211; Shqiptar\u00ebt n\u00eb num\u00ebr t\u00eb madh u mobilzuan dhe p\u00ebr 24 or\u00eb i mblodh\u00ebn 25 mij\u00eb franga, p\u00ebr ta mbuluar gjob\u00ebn q\u00eb FIFA ua shqiptoi Granit Xhak\u00ebs e Xherdan Shaqirit.<\/strong><\/p>\n<p>Por, futbollist\u00ebt q\u00eb u nd\u00ebshkuan p\u00ebr kremtimin me rikrijimin e shqiponj\u00ebs, parat\u00eb i destinuan p\u00ebr sh\u00ebrimin e tre personave me s\u00ebmundje t\u00eb r\u00ebnda n\u00eb Kosov\u00eb, Shqip\u00ebri e Maqedoni.<\/p>\n<p>E p\u00ebrgjegj\u00ebsin\u00eb e menaxhimit t\u00eb p\u00ebrzgjedhjes s\u00eb p\u00ebrfituesve e mori televizioni Klan Kosova.<\/p>\n<p>[youtube eq2mRBGjX0g]<\/p>\n","protected":false},"excerpt":{"rendered":"<p>Prishtin\u00eb &#8211; Shqiptar\u00ebt n\u00eb num\u00ebr t\u00eb madh u mobilzuan dhe p\u00ebr 24 or\u00eb i mblodh\u00ebn 25 mij\u00eb franga, p\u00ebr ta mbuluar gjob\u00ebn q\u00eb FIFA ua shqiptoi Granit Xhak\u00ebs e Xherdan Shaqirit. Por, futbollist\u00ebt q\u00eb u nd\u00ebshkuan p\u00ebr kremtimin me rikrijimin e shqiponj\u00ebs, parat\u00eb i destinuan p\u00ebr sh\u00ebrimin e tre personave me s\u00ebmundje t\u00eb r\u00ebnda n\u00eb [&hellip;]<\/p>\n","protected":false},"author":1,"featured_media":42042,"comment_status":"open","ping_status":"open","sticky":false,"template":"","format":"standard","meta":{"footnotes":""},"categories":[4],"tags":[3803,4511,1250,287,888,370,1188],"class_list":["post-42041","post","type-post","status-publish","format-standard","has-post-thumbnail","hentry","category-kulture","tag-aktuale","tag-bamiresi","tag-granit-xhaka","tag-kosova","tag-maqedonia","tag-shqiperia","tag-xherdan-shaqiri"],"_links":{"self":[{"href":"https:\/\/prizrenpost.com\/al\/wp-json\/wp\/v2\/posts\/42041","targetHints":{"allow":["GET"]}}],"collection":[{"href":"https:\/\/prizrenpost.com\/al\/wp-json\/wp\/v2\/posts"}],"about":[{"href":"https:\/\/prizrenpost.com\/al\/wp-json\/wp\/v2\/types\/post"}],"author":[{"embeddable":true,"href":"https:\/\/prizrenpost.com\/al\/wp-json\/wp\/v2\/users\/1"}],"replies":[{"embeddable":true,"href":"https:\/\/prizrenpost.com\/al\/wp-json\/wp\/v2\/comments?post=42041"}],"version-history":[{"count":0,"href":"https:\/\/prizrenpost.com\/al\/wp-json\/wp\/v2\/posts\/42041\/revisions"}],"wp:featuredmedia":[{"embeddable":true,"href":"https:\/\/prizrenpost.com\/al\/wp-json\/wp\/v2\/media\/42042"}],"wp:attachment":[{"href":"https:\/\/prizrenpost.com\/al\/wp-json\/wp\/v2\/media?parent=42041"}],"wp:term":[{"taxonomy":"category","embeddable":true,"href":"https:\/\/prizrenpost.com\/al\/wp-json\/wp\/v2\/categories?post=42041"},{"taxonomy":"post_tag","embeddable":true,"href":"https:\/\/prizrenpost.com\/al\/wp-json\/wp\/v2\/tags?post=42041"}],"curies":[{"name":"wp","href":"https:\/\/api.w.org\/{rel}","templated":true}]}}