{"id":42090,"date":"2018-07-06T10:51:29","date_gmt":"2018-07-06T08:51:29","guid":{"rendered":"https:\/\/prizrenpost.com\/al\/?p=42090"},"modified":"2018-07-06T10:51:29","modified_gmt":"2018-07-06T08:51:29","slug":"sot-zgjidhet-pasardhesi-i-vokrrit-ne-ffk","status":"publish","type":"post","link":"https:\/\/prizrenpost.com\/al\/sot-zgjidhet-pasardhesi-i-vokrrit-ne-ffk\/","title":{"rendered":"Sot zgjidhet pasardh\u00ebsi i Vokrrit n\u00eb FFK"},"content":{"rendered":"<p><img decoding=\"async\" src=\"https:\/\/prizrenpost.com\/al\/wp-content\/uploads\/2018\/07\/ffk.png\" alt=\"\" width=\"100%\" height=\"\" class=\"alignleft size-full wp-image-42091\" srcset=\"https:\/\/prizrenpost.com\/al\/wp-content\/uploads\/2018\/07\/ffk.png 1300w, https:\/\/prizrenpost.com\/al\/wp-content\/uploads\/2018\/07\/ffk-300x152.png 300w, https:\/\/prizrenpost.com\/al\/wp-content\/uploads\/2018\/07\/ffk-768x390.png 768w, https:\/\/prizrenpost.com\/al\/wp-content\/uploads\/2018\/07\/ffk-1024x520.png 1024w\" sizes=\"(max-width: 1300px) 100vw, 1300px\" \/><\/p>\n<p><strong>Prishtin\u00eb &#8211; Kuvendi i Jasht\u00ebzakonsh\u00ebm Zgjedhor p\u00ebr zgjedhjen e pozit\u00ebs s\u00eb kryetarit t\u00eb Federat\u00ebs s\u00eb Futbollit t\u00eb Kosov\u00ebs do t\u00eb mbahet sot.<\/strong><\/p>\n<p>K\u00ebto zgjedhje vijn\u00eb pas vdekjes s\u00eb legjend\u00ebs s\u00eb futbollit t\u00eb Kosov\u00ebs, Fadil Vokrri, i cili kishte sh\u00ebrbyer n\u00eb krye t\u00eb federat\u00ebs q\u00eb nga viti 2008.<\/p>\n<p><strong>M\u00eb posht\u00eb \u00ebsht\u00eb njoftimi i d\u00ebrguar nga FFK m\u00eb 16 qershor p\u00ebr zgjedhjet q\u00eb do t\u00eb mbahen m\u00eb 6 korrik t\u00eb k\u00ebtij viti:<\/strong><\/p>\n<p><em>Komiteti Ekzekutiv i Federat\u00ebs s\u00eb Futbollit t\u00eb Kosov\u00ebs (FFK) n\u00eb mbledhjen e vet t\u00eb mbajtur me dat\u00eb 16 qershor, 2018, n\u00eb baz\u00eb t\u00eb nenit 31 p.1 t\u00eb Statutit t\u00eb FFK-s\u00eb, mori k\u00ebt\u00eb:<\/p>\n<p>V E N D I M<\/p>\n<p>Kuvendi i Jasht\u00ebzakonsh\u00ebm zgjedhor p\u00ebr pozit\u00ebn e kryetarit t\u00eb FFK-s\u00eb, do t\u00eb mbahet me dat\u00eb 6 korrik, 2018 (e premte) n\u00eb Prishtin\u00eb, Hotel Emerald ora 17.00.<\/p>\n<p>Obligohet Sekretari i P\u00ebrgjithsh\u00ebm q\u00eb n\u00eb baz\u00eb t\u00eb nenit 31 p.5 t\u00eb b\u00ebj\u00eb organizimin e Kuvendit t\u00eb Jasht\u00ebzakonsh\u00ebm zgjedhor konform Statutit t\u00eb FFK-s\u00eb.<\/p>\n<p>A R S Y E T I M<\/p>\n<p>Komiteti Ekzekutiv (KE), duke shqyrtuar gjendjen e jasht\u00ebzakonshme n\u00eb futbollin Kosovar pas vdekjes s\u00eb Kryetarit legjendar, Fadil Vokrri dhe pas mb\u00ebshtetjes dhe sugjerimeve t\u00eb zyrtar\u00ebve m\u00eb t\u00eb lart\u00eb t\u00eb FIFA-s dhe UEFA-s, p\u00ebr t\u00eb mos l\u00ebn\u00eb zbrazt\u00ebsir\u00eb institucionale mori k\u00ebt\u00eb vendim n\u00eb baz\u00eb t\u00eb kompetencave t\u00eb veta t\u00eb dala nga Statuti i FFK-s\u00eb.<\/p>\n<p>Prishtin\u00eb, 16 qershor, 2018<br \/>\nSekretari i P\u00ebrgjithsh\u00ebm<br \/>\nEroll Salihu<\/p>\n<p>Komiteti Ekzekutiv (KE), duke shqyrtuar gjendjen e jasht\u00ebzakonshme n\u00eb futbollin Kosovar pas vdekjes s\u00eb Kryetarit legjendar, Fadil Vokrri dhe pas mb\u00ebshtetjes dhe sugjerimeve t\u00eb zyrtar\u00ebve m\u00eb t\u00eb lart\u00eb t\u00eb FIFA-s dhe UEFA-s, p\u00ebr t\u00eb mos l\u00ebn\u00eb zbrazt\u00ebsir\u00eb institucionale mori k\u00ebt\u00eb vendim n\u00eb baz\u00eb t\u00eb kompetencave t\u00eb veta t\u00eb dala nga Statuti i FFK-s\u00eb.<\/em><\/p>\n","protected":false},"excerpt":{"rendered":"<p>Prishtin\u00eb &#8211; Kuvendi i Jasht\u00ebzakonsh\u00ebm Zgjedhor p\u00ebr zgjedhjen e pozit\u00ebs s\u00eb kryetarit t\u00eb Federat\u00ebs s\u00eb Futbollit t\u00eb Kosov\u00ebs do t\u00eb mbahet sot. K\u00ebto zgjedhje vijn\u00eb pas vdekjes s\u00eb legjend\u00ebs s\u00eb futbollit t\u00eb Kosov\u00ebs, Fadil Vokrri, i cili kishte sh\u00ebrbyer n\u00eb krye t\u00eb federat\u00ebs q\u00eb nga viti 2008. M\u00eb posht\u00eb \u00ebsht\u00eb njoftimi i d\u00ebrguar nga FFK [&hellip;]<\/p>\n","protected":false},"author":1,"featured_media":42091,"comment_status":"open","ping_status":"open","sticky":false,"template":"","format":"standard","meta":{"footnotes":""},"categories":[7],"tags":[4519,1879],"class_list":["post-42090","post","type-post","status-publish","format-standard","has-post-thumbnail","hentry","category-sport","tag-federata-e-futbollit-e-kosoves","tag-ffk"],"_links":{"self":[{"href":"https:\/\/prizrenpost.com\/al\/wp-json\/wp\/v2\/posts\/42090","targetHints":{"allow":["GET"]}}],"collection":[{"href":"https:\/\/prizrenpost.com\/al\/wp-json\/wp\/v2\/posts"}],"about":[{"href":"https:\/\/prizrenpost.com\/al\/wp-json\/wp\/v2\/types\/post"}],"author":[{"embeddable":true,"href":"https:\/\/prizrenpost.com\/al\/wp-json\/wp\/v2\/users\/1"}],"replies":[{"embeddable":true,"href":"https:\/\/prizrenpost.com\/al\/wp-json\/wp\/v2\/comments?post=42090"}],"version-history":[{"count":0,"href":"https:\/\/prizrenpost.com\/al\/wp-json\/wp\/v2\/posts\/42090\/revisions"}],"wp:featuredmedia":[{"embeddable":true,"href":"https:\/\/prizrenpost.com\/al\/wp-json\/wp\/v2\/media\/42091"}],"wp:attachment":[{"href":"https:\/\/prizrenpost.com\/al\/wp-json\/wp\/v2\/media?parent=42090"}],"wp:term":[{"taxonomy":"category","embeddable":true,"href":"https:\/\/prizrenpost.com\/al\/wp-json\/wp\/v2\/categories?post=42090"},{"taxonomy":"post_tag","embeddable":true,"href":"https:\/\/prizrenpost.com\/al\/wp-json\/wp\/v2\/tags?post=42090"}],"curies":[{"name":"wp","href":"https:\/\/api.w.org\/{rel}","templated":true}]}}