{"id":42125,"date":"2018-07-06T19:31:07","date_gmt":"2018-07-06T17:31:07","guid":{"rendered":"https:\/\/prizrenpost.com\/al\/?p=42125"},"modified":"2018-07-06T19:31:07","modified_gmt":"2018-07-06T17:31:07","slug":"agim-ademi-kryetar-i-ri-i-ffk-se","status":"publish","type":"post","link":"https:\/\/prizrenpost.com\/al\/agim-ademi-kryetar-i-ri-i-ffk-se\/","title":{"rendered":"Agim Ademi kryetar i ri i FFK-s\u00eb"},"content":{"rendered":"<p><img decoding=\"async\" src=\"https:\/\/prizrenpost.com\/al\/wp-content\/uploads\/2018\/07\/agim-ademi-768x509.jpg\" alt=\"\" width=\"100%\" height=\"\" class=\"alignleft size-full wp-image-42126\" srcset=\"https:\/\/prizrenpost.com\/al\/wp-content\/uploads\/2018\/07\/agim-ademi-768x509.jpg 768w, https:\/\/prizrenpost.com\/al\/wp-content\/uploads\/2018\/07\/agim-ademi-768x509-300x199.jpg 300w\" sizes=\"(max-width: 768px) 100vw, 768px\" \/><\/p>\n<p><strong>Prishtin\u00eb &#8211; Ish-n\u00ebnkryetari i FFK-s\u00eb do ta marr\u00eb drejtimin e k\u00ebsaj federate, pasi jav\u00eb m\u00eb par\u00eb nd\u00ebrroi jet\u00eb Fadil Vokrri, q\u00eb po e drejtonte k\u00ebt\u00eb federat\u00eb p\u00ebr t\u00eb tretin mandat me radh\u00eb.<\/strong><\/p>\n<p>Agim Ademi \u00ebsht\u00eb zgjedhur kryetar i ri i Federat\u00ebs t\u00eb Futbollit t\u00eb Kosov\u00ebs, n\u00eb Kuvendin e Jasht\u00ebzakonsh\u00ebm Zgjedhor t\u00eb k\u00ebtij institucioni.<\/p>\n","protected":false},"excerpt":{"rendered":"<p>Prishtin\u00eb &#8211; Ish-n\u00ebnkryetari i FFK-s\u00eb do ta marr\u00eb drejtimin e k\u00ebsaj federate, pasi jav\u00eb m\u00eb par\u00eb nd\u00ebrroi jet\u00eb Fadil Vokrri, q\u00eb po e drejtonte k\u00ebt\u00eb federat\u00eb p\u00ebr t\u00eb tretin mandat me radh\u00eb. Agim Ademi \u00ebsht\u00eb zgjedhur kryetar i ri i Federat\u00ebs t\u00eb Futbollit t\u00eb Kosov\u00ebs, n\u00eb Kuvendin e Jasht\u00ebzakonsh\u00ebm Zgjedhor t\u00eb k\u00ebtij institucioni.<\/p>\n","protected":false},"author":1,"featured_media":42126,"comment_status":"open","ping_status":"open","sticky":false,"template":"","format":"standard","meta":{"footnotes":""},"categories":[7],"tags":[4524,4519,1879],"class_list":["post-42125","post","type-post","status-publish","format-standard","has-post-thumbnail","hentry","category-sport","tag-agim-ademi","tag-federata-e-futbollit-e-kosoves","tag-ffk"],"_links":{"self":[{"href":"https:\/\/prizrenpost.com\/al\/wp-json\/wp\/v2\/posts\/42125","targetHints":{"allow":["GET"]}}],"collection":[{"href":"https:\/\/prizrenpost.com\/al\/wp-json\/wp\/v2\/posts"}],"about":[{"href":"https:\/\/prizrenpost.com\/al\/wp-json\/wp\/v2\/types\/post"}],"author":[{"embeddable":true,"href":"https:\/\/prizrenpost.com\/al\/wp-json\/wp\/v2\/users\/1"}],"replies":[{"embeddable":true,"href":"https:\/\/prizrenpost.com\/al\/wp-json\/wp\/v2\/comments?post=42125"}],"version-history":[{"count":0,"href":"https:\/\/prizrenpost.com\/al\/wp-json\/wp\/v2\/posts\/42125\/revisions"}],"wp:featuredmedia":[{"embeddable":true,"href":"https:\/\/prizrenpost.com\/al\/wp-json\/wp\/v2\/media\/42126"}],"wp:attachment":[{"href":"https:\/\/prizrenpost.com\/al\/wp-json\/wp\/v2\/media?parent=42125"}],"wp:term":[{"taxonomy":"category","embeddable":true,"href":"https:\/\/prizrenpost.com\/al\/wp-json\/wp\/v2\/categories?post=42125"},{"taxonomy":"post_tag","embeddable":true,"href":"https:\/\/prizrenpost.com\/al\/wp-json\/wp\/v2\/tags?post=42125"}],"curies":[{"name":"wp","href":"https:\/\/api.w.org\/{rel}","templated":true}]}}