{"id":42190,"date":"2018-07-12T10:11:01","date_gmt":"2018-07-12T08:11:01","guid":{"rendered":"https:\/\/prizrenpost.com\/al\/?p=42190"},"modified":"2018-07-12T10:11:21","modified_gmt":"2018-07-12T08:11:21","slug":"me-18-korrik-do-te-jete-takimi-i-radhes-thaci-vucic","status":"publish","type":"post","link":"https:\/\/prizrenpost.com\/al\/me-18-korrik-do-te-jete-takimi-i-radhes-thaci-vucic\/","title":{"rendered":"M\u00eb 18 korrik do t\u00eb jet\u00eb takimi i radh\u00ebs Tha\u00e7i-Vu\u010di\u0107"},"content":{"rendered":"<p><img decoding=\"async\" src=\"https:\/\/prizrenpost.com\/al\/wp-content\/uploads\/2018\/07\/thaci-vucic.jpg\" alt=\"\" width=\"100%\" height=\"\" class=\"alignleft size-full wp-image-42191\" srcset=\"https:\/\/prizrenpost.com\/al\/wp-content\/uploads\/2018\/07\/thaci-vucic.jpg 640w, https:\/\/prizrenpost.com\/al\/wp-content\/uploads\/2018\/07\/thaci-vucic-300x190.jpg 300w\" sizes=\"(max-width: 640px) 100vw, 640px\" \/><\/p>\n<p><strong>Bruksel &#8211; Zyra e p\u00ebrfaq\u00ebsueses s\u00eb lart\u00eb t\u00eb Bashkimit Evropian, Federica Mogherini ka b\u00ebr\u00eb t\u00eb ditur se takimi i radh\u00ebs n\u00eb Bruksel, nd\u00ebrmjet presidentit t\u00eb Kosov\u00ebs, Hashim Tha\u00e7i dhe atij t\u00eb Serbis\u00eb, Aleksander Vu\u00e7iq do t\u00eb mbahet m\u00eb 18 korrik.<\/strong><\/p>\n<p>K\u00ebshtu thuhet n\u00eb njoftimin e Zyr\u00ebs s\u00eb Mogherinit.<\/p>\n<p>N\u00eb njoftim thuhet se n\u00eb k\u00ebt\u00eb takim do t\u00eb diskutohet p\u00ebr marr\u00ebveshjet e arritura si dhe do t\u00eb planifikohen takimet e ardhshme, me q\u00ebllim q\u00eb t\u00eb dy pal\u00ebt t\u00eb vazhdojn\u00eb pun\u00ebn me rit\u00ebm t\u00eb intensifikuar.<\/p>\n<p>Ndryshe, ky do t\u00eb jet\u00eb takimi i dyt\u00eb nd\u00ebrmjet Tha\u00e7it e Vu\u00e7iqit n\u00eb faz\u00ebn finale t\u00eb dialogut.<\/p>\n<p>Tha\u00e7i dit\u00eb m\u00eb par\u00eb ka th\u00ebn\u00eb se q\u00ebllimi n\u00eb k\u00ebt\u00eb faz\u00eb p\u00ebrfundimtare t\u00eb dialogut \u00ebsht\u00eb arritja e marr\u00ebveshjes gjith\u00ebp\u00ebrfshir\u00ebse, ligj\u00ebrisht obligative nd\u00ebrmjet Kosov\u00ebs dhe Serbis\u00eb e q\u00eb do t\u00eb mund\u00ebsoj\u00eb normalizimin e plot\u00eb t\u00eb marr\u00ebdh\u00ebnieve nd\u00ebrmjet dy popujve.<\/p>\n<p>Ai ka th\u00ebn\u00eb se priten bisedime t\u00eb r\u00ebnda dhe t\u00eb v\u00ebshtira pasi synohet q\u00eb dialogu t\u00eb p\u00ebrmbyllet me marr\u00ebveshje historike. <\/p>\n","protected":false},"excerpt":{"rendered":"<p>Bruksel &#8211; Zyra e p\u00ebrfaq\u00ebsueses s\u00eb lart\u00eb t\u00eb Bashkimit Evropian, Federica Mogherini ka b\u00ebr\u00eb t\u00eb ditur se takimi i radh\u00ebs n\u00eb Bruksel, nd\u00ebrmjet presidentit t\u00eb Kosov\u00ebs, Hashim Tha\u00e7i dhe atij t\u00eb Serbis\u00eb, Aleksander Vu\u00e7iq do t\u00eb mbahet m\u00eb 18 korrik. K\u00ebshtu thuhet n\u00eb njoftimin e Zyr\u00ebs s\u00eb Mogherinit. N\u00eb njoftim thuhet se n\u00eb k\u00ebt\u00eb takim [&hellip;]<\/p>\n","protected":false},"author":1,"featured_media":42191,"comment_status":"open","ping_status":"open","sticky":false,"template":"","format":"standard","meta":{"footnotes":""},"categories":[1],"tags":[3803,1159,1057,4266,1351,862],"class_list":["post-42190","post","type-post","status-publish","format-standard","has-post-thumbnail","hentry","category-lajme","tag-aktuale","tag-aleksandar-vucic","tag-bashkimi-europian","tag-dialogu-kosove-serbi","tag-federica-mogherini","tag-hashim-thaci"],"_links":{"self":[{"href":"https:\/\/prizrenpost.com\/al\/wp-json\/wp\/v2\/posts\/42190","targetHints":{"allow":["GET"]}}],"collection":[{"href":"https:\/\/prizrenpost.com\/al\/wp-json\/wp\/v2\/posts"}],"about":[{"href":"https:\/\/prizrenpost.com\/al\/wp-json\/wp\/v2\/types\/post"}],"author":[{"embeddable":true,"href":"https:\/\/prizrenpost.com\/al\/wp-json\/wp\/v2\/users\/1"}],"replies":[{"embeddable":true,"href":"https:\/\/prizrenpost.com\/al\/wp-json\/wp\/v2\/comments?post=42190"}],"version-history":[{"count":0,"href":"https:\/\/prizrenpost.com\/al\/wp-json\/wp\/v2\/posts\/42190\/revisions"}],"wp:featuredmedia":[{"embeddable":true,"href":"https:\/\/prizrenpost.com\/al\/wp-json\/wp\/v2\/media\/42191"}],"wp:attachment":[{"href":"https:\/\/prizrenpost.com\/al\/wp-json\/wp\/v2\/media?parent=42190"}],"wp:term":[{"taxonomy":"category","embeddable":true,"href":"https:\/\/prizrenpost.com\/al\/wp-json\/wp\/v2\/categories?post=42190"},{"taxonomy":"post_tag","embeddable":true,"href":"https:\/\/prizrenpost.com\/al\/wp-json\/wp\/v2\/tags?post=42190"}],"curies":[{"name":"wp","href":"https:\/\/api.w.org\/{rel}","templated":true}]}}