{"id":4222,"date":"2013-12-16T00:03:28","date_gmt":"2013-12-15T23:03:28","guid":{"rendered":"http:\/\/prizrenpost.com\/al\/?p=4222"},"modified":"2020-09-01T20:54:08","modified_gmt":"2020-09-01T18:54:08","slug":"une-votoj-per-shefqet-krasniqi-personaliteti-i-vitit-2013-nga-bota-shqiptare","status":"publish","type":"post","link":"https:\/\/prizrenpost.com\/al\/une-votoj-per-shefqet-krasniqi-personaliteti-i-vitit-2013-nga-bota-shqiptare\/","title":{"rendered":"Un\u00eb votoj p\u00ebr Shefqet KRASNIQI Personi i vitit 2013 nga bota shqiptare!"},"content":{"rendered":"<div style=\"float:right; width:65%;\"><div id=\"polls-10\" class=\"wp-polls\">\n\t\t<p style=\"text-align: center\"><strong>Un\u00eb votoj p\u00ebr Shefqet KRASNIQI Personi i vitit 2013 nga bota shqiptare!<\/strong><\/p><div id=\"polls-10-ans\" class=\"wp-polls-ans\"><ul class=\"wp-polls-ul\">\n\t\t<li>Jo <small>(8%, 43 Vota)<\/small><div class=\"pollbar\" style=\"width: 8%\" title=\"Jo (8% | 43 Vota)\"><\/div><\/li>\n\t\t<li>Po <small>(92%, 491 Vota)<\/small><div class=\"pollbar\" style=\"width: 92%\" title=\"Po (92% | 491 Vota)\"><\/div><\/li>\n\t\t<\/ul><p style=\"text-align: center\">Numri i votuesve: <strong>534<\/strong><\/p><\/div>\n\t\t<input type=\"hidden\" id=\"poll_10_nonce\" name=\"wp-polls-nonce\" value=\"45979dd1e9\" \/>\n<\/div>\n<div id=\"polls-10-loading\" class=\"wp-polls-loading\"><img loading=\"lazy\" decoding=\"async\" src=\"https:\/\/prizrenpost.com\/al\/wp-content\/plugins\/wp-polls\/images\/loading.gif\" width=\"16\" height=\"16\" alt=\"Loading ...\" title=\"Loading ...\" class=\"wp-polls-image\" \/>&nbsp;Loading ...<\/div>\n<\/div>\n<p><img loading=\"lazy\" decoding=\"async\" src=\"https:\/\/prizrenpost.com\/al\/wp-content\/uploads\/2013\/12\/Krasniqi.jpg\" alt=\"\" width=\"494\" height=\"640\" class=\"alignleft size-full wp-image-60458\" srcset=\"https:\/\/prizrenpost.com\/al\/wp-content\/uploads\/2013\/12\/Krasniqi.jpg 494w, https:\/\/prizrenpost.com\/al\/wp-content\/uploads\/2013\/12\/Krasniqi-232x300.jpg 232w\" sizes=\"auto, (max-width: 494px) 100vw, 494px\" \/><\/p>\n<p> Shefqet Krasniqi diplomoi n\u00eb Fakultetin e Gjuh\u00ebs dhe Let\u00ebrsis\u00eb Arabe n\u00eb Medine.<br \/>\nAi vazhdoi studimet postdiplomike por k\u00ebsaj radhe n\u00eb Shkenc\u00ebn e Jurisprudenc\u00ebs Islame apo Fikhut, ku me suksese t\u00eb larta fiton titujt akademik\u00eb Magjist\u00ebr m\u00eb 1996 dhe Doktor shkence m\u00eb 2001<\/p>\n<p>Me t\u00eb mbaruar t\u00eb studimeve t\u00eb larta, Dr. Krasniqi kthehet n\u00eb vendlindje ku fillimisht em\u00ebrohet profesor n\u00eb FSI e m\u00eb pas edhe Imam n\u00eb Xhamin\u00eb e Madhe n\u00eb Prishtin\u00eb.<br \/>\nDetyr\u00ebn e Profesorit do ta ushtroj p\u00ebr pes\u00eb vite akademike me radh\u00eb nd\u00ebrsa detyr\u00ebn e Imamit vazhdon ta mbaj\u00eb ende.<\/p>\n<p>Shefqet Krasniqi q\u00eb nga viti 2009 \u00ebsht\u00eb an\u00ebtar i Lidhjes se Dijetar\u00ebve Musliman\u00eb gjegj\u00ebsisht an\u00ebtar i kryesis\u00eb s\u00eb k\u00ebsaj lidhje. Deri m\u00eb tani ka t\u00eb botuar librin: &#8220;Texhvid i preferuar &#8211; Kur&#8217;an p\u00ebr t\u00eb lexuar&#8221;, q\u00eb i kushtohet rregullave t\u00eb leximit t\u00eb Kur&#8217;anit&#8230;<\/p>\n","protected":false},"excerpt":{"rendered":"<p>Shefqet Krasniqi diplomoi n\u00eb Fakultetin e Gjuh\u00ebs dhe Let\u00ebrsis\u00eb Arabe n\u00eb Medine. Ai vazhdoi studimet postdiplomike por k\u00ebsaj radhe n\u00eb Shkenc\u00ebn e Jurisprudenc\u00ebs Islame apo Fikhut, ku me suksese t\u00eb larta fiton titujt akademik\u00eb Magjist\u00ebr m\u00eb 1996 dhe Doktor shkence m\u00eb 2001 Me t\u00eb mbaruar t\u00eb studimeve t\u00eb larta, Dr. Krasniqi kthehet n\u00eb vendlindje ku [&hellip;]<\/p>\n","protected":false},"author":1,"featured_media":60458,"comment_status":"open","ping_status":"open","sticky":false,"template":"","format":"standard","meta":{"footnotes":""},"categories":[29],"tags":[2824,2735],"class_list":["post-4222","post","type-post","status-publish","format-standard","has-post-thumbnail","hentry","category-personi-i-vitit-2013","tag-personi-i-vitit-2013","tag-shefqet-krasniqi"],"_links":{"self":[{"href":"https:\/\/prizrenpost.com\/al\/wp-json\/wp\/v2\/posts\/4222","targetHints":{"allow":["GET"]}}],"collection":[{"href":"https:\/\/prizrenpost.com\/al\/wp-json\/wp\/v2\/posts"}],"about":[{"href":"https:\/\/prizrenpost.com\/al\/wp-json\/wp\/v2\/types\/post"}],"author":[{"embeddable":true,"href":"https:\/\/prizrenpost.com\/al\/wp-json\/wp\/v2\/users\/1"}],"replies":[{"embeddable":true,"href":"https:\/\/prizrenpost.com\/al\/wp-json\/wp\/v2\/comments?post=4222"}],"version-history":[{"count":2,"href":"https:\/\/prizrenpost.com\/al\/wp-json\/wp\/v2\/posts\/4222\/revisions"}],"predecessor-version":[{"id":60460,"href":"https:\/\/prizrenpost.com\/al\/wp-json\/wp\/v2\/posts\/4222\/revisions\/60460"}],"wp:featuredmedia":[{"embeddable":true,"href":"https:\/\/prizrenpost.com\/al\/wp-json\/wp\/v2\/media\/60458"}],"wp:attachment":[{"href":"https:\/\/prizrenpost.com\/al\/wp-json\/wp\/v2\/media?parent=4222"}],"wp:term":[{"taxonomy":"category","embeddable":true,"href":"https:\/\/prizrenpost.com\/al\/wp-json\/wp\/v2\/categories?post=4222"},{"taxonomy":"post_tag","embeddable":true,"href":"https:\/\/prizrenpost.com\/al\/wp-json\/wp\/v2\/tags?post=4222"}],"curies":[{"name":"wp","href":"https:\/\/api.w.org\/{rel}","templated":true}]}}