{"id":42237,"date":"2018-07-14T09:26:57","date_gmt":"2018-07-14T07:26:57","guid":{"rendered":"https:\/\/prizrenpost.com\/al\/?p=42237"},"modified":"2018-07-14T09:26:57","modified_gmt":"2018-07-14T07:26:57","slug":"spektri-politike-i-vendit-ende-i-ndare-rreth-fazes-finale-te-dialogut-me-serbine","status":"publish","type":"post","link":"https:\/\/prizrenpost.com\/al\/spektri-politike-i-vendit-ende-i-ndare-rreth-fazes-finale-te-dialogut-me-serbine\/","title":{"rendered":"Spektri politik\u00eb i vendit ende i ndar\u00eb rreth faz\u00ebs finale t\u00eb dialogut me Serbin\u00eb"},"content":{"rendered":"<p><img decoding=\"async\" src=\"https:\/\/prizrenpost.com\/al\/wp-content\/uploads\/2018\/07\/dialogu.jpg\" alt=\"\" width=\"100%\" height=\"\" class=\"alignleft size-full wp-image-42238\" srcset=\"https:\/\/prizrenpost.com\/al\/wp-content\/uploads\/2018\/07\/dialogu.jpg 2000w, https:\/\/prizrenpost.com\/al\/wp-content\/uploads\/2018\/07\/dialogu-300x161.jpg 300w, https:\/\/prizrenpost.com\/al\/wp-content\/uploads\/2018\/07\/dialogu-768x411.jpg 768w, https:\/\/prizrenpost.com\/al\/wp-content\/uploads\/2018\/07\/dialogu-1024x548.jpg 1024w\" sizes=\"(max-width: 2000px) 100vw, 2000px\" \/><\/p>\n<p><strong>Prishtin\u00eb &#8211; Pak dit\u00eb para se t\u00eb nis\u00eb takimi i dyt\u00eb n\u00eb kuad\u00ebr t\u00eb faz\u00ebs finale t\u00eb dialogut kan\u00eb nisur p\u00ebrpjekjet e krer\u00ebve institucional\u00eb p\u00ebr ta gjetur nj\u00eb opsion t\u00eb pranuesh\u00ebm p\u00ebr k\u00ebt\u00eb etap\u00eb t\u00eb negociatave me Serbin\u00eb, shkruan sot Gazeta \u201cZ\u00ebri\u201d.<\/strong><\/p>\n<p>Gjat\u00eb s\u00eb premtes tre krer\u00ebt shtet\u00ebror\u00eb: presidenti Hashim Tha\u00e7i, kryeministri Ramush Haradinaj dhe kryekuvendari Kadri Veseli, bashk\u00eb me z\u00ebvend\u00ebskryeministrat Behgjet Pacollin, Fatmir Limajn e Dardan Gashin, jan\u00eb takuar p\u00ebr k\u00ebt\u00eb \u00e7\u00ebshtje.<\/p>\n<p>Zyrtar\u00ebt qeveritar\u00eb kan\u00eb th\u00ebn\u00eb se lideri i Nism\u00ebs, Fatmir Limaj, do t\u2019i bashkohet Tha\u00e7it n\u00eb takimin e jav\u00ebs s\u00eb ardhshme n\u00eb Bruksel.<\/p>\n<p>Pavar\u00ebsisht k\u00ebtyre takimeve, AAK-ja (pjes\u00eb e koalicionit) tashm\u00eb ka iniciuar nj\u00eb rezolut\u00eb p\u00ebr nd\u00ebrprerjen e dialogut me Serbin\u00eb. Zyrtar\u00eb t\u00eb k\u00ebtij subjekti kan\u00eb th\u00ebn\u00eb se vazhdimi i dialogut pa u hequr vizat me BE-n\u00eb mbetet krejt\u00ebsisht i pakuptimt\u00eb. Por, nj\u00eb rezolut\u00eb e till\u00eb nuk ka gjetur ende p\u00ebrkrahje te partit\u00eb e tjera t\u00eb koalicionit.<\/p>\n<p>N\u00eb an\u00ebn tjet\u00ebr, p\u00ebrderisa PSD-ja tashm\u00eb ka nisur mbledhjen e n\u00ebnshkrimeve p\u00ebr nj\u00eb seanc\u00eb t\u00eb jasht\u00ebzakonshme rreth dialogut, LVV-ja dhe LDK-ja po vazhdojn\u00eb t\u00eb mbesin kund\u00ebr vazhdimit t\u00eb dialogut k\u00ebshtu si ka nisur.<\/p>\n","protected":false},"excerpt":{"rendered":"<p>Prishtin\u00eb &#8211; Pak dit\u00eb para se t\u00eb nis\u00eb takimi i dyt\u00eb n\u00eb kuad\u00ebr t\u00eb faz\u00ebs finale t\u00eb dialogut kan\u00eb nisur p\u00ebrpjekjet e krer\u00ebve institucional\u00eb p\u00ebr ta gjetur nj\u00eb opsion t\u00eb pranuesh\u00ebm p\u00ebr k\u00ebt\u00eb etap\u00eb t\u00eb negociatave me Serbin\u00eb, shkruan sot Gazeta \u201cZ\u00ebri\u201d. Gjat\u00eb s\u00eb premtes tre krer\u00ebt shtet\u00ebror\u00eb: presidenti Hashim Tha\u00e7i, kryeministri Ramush Haradinaj dhe [&hellip;]<\/p>\n","protected":false},"author":1,"featured_media":42238,"comment_status":"open","ping_status":"open","sticky":false,"template":"","format":"standard","meta":{"footnotes":""},"categories":[1],"tags":[4266],"class_list":["post-42237","post","type-post","status-publish","format-standard","has-post-thumbnail","hentry","category-lajme","tag-dialogu-kosove-serbi"],"_links":{"self":[{"href":"https:\/\/prizrenpost.com\/al\/wp-json\/wp\/v2\/posts\/42237","targetHints":{"allow":["GET"]}}],"collection":[{"href":"https:\/\/prizrenpost.com\/al\/wp-json\/wp\/v2\/posts"}],"about":[{"href":"https:\/\/prizrenpost.com\/al\/wp-json\/wp\/v2\/types\/post"}],"author":[{"embeddable":true,"href":"https:\/\/prizrenpost.com\/al\/wp-json\/wp\/v2\/users\/1"}],"replies":[{"embeddable":true,"href":"https:\/\/prizrenpost.com\/al\/wp-json\/wp\/v2\/comments?post=42237"}],"version-history":[{"count":0,"href":"https:\/\/prizrenpost.com\/al\/wp-json\/wp\/v2\/posts\/42237\/revisions"}],"wp:featuredmedia":[{"embeddable":true,"href":"https:\/\/prizrenpost.com\/al\/wp-json\/wp\/v2\/media\/42238"}],"wp:attachment":[{"href":"https:\/\/prizrenpost.com\/al\/wp-json\/wp\/v2\/media?parent=42237"}],"wp:term":[{"taxonomy":"category","embeddable":true,"href":"https:\/\/prizrenpost.com\/al\/wp-json\/wp\/v2\/categories?post=42237"},{"taxonomy":"post_tag","embeddable":true,"href":"https:\/\/prizrenpost.com\/al\/wp-json\/wp\/v2\/tags?post=42237"}],"curies":[{"name":"wp","href":"https:\/\/api.w.org\/{rel}","templated":true}]}}