{"id":42256,"date":"2018-07-14T23:55:35","date_gmt":"2018-07-14T21:55:35","guid":{"rendered":"https:\/\/prizrenpost.com\/al\/?p=42256"},"modified":"2018-07-14T23:57:44","modified_gmt":"2018-07-14T21:57:44","slug":"vv-protesta-kunder-1-ton-fishekzjarreve-eshte-e-drejte-institucionet-duhet-te-mbajne-pergjegjesi","status":"publish","type":"post","link":"https:\/\/prizrenpost.com\/al\/vv-protesta-kunder-1-ton-fishekzjarreve-eshte-e-drejte-institucionet-duhet-te-mbajne-pergjegjesi\/","title":{"rendered":"VV: Protesta kund\u00ebr 1 ton fishekzjarreve \u00ebsht\u00eb e drejt\u00eb, institucionet duhet t\u00eb mbajn\u00eb p\u00ebrgjegj\u00ebsi!"},"content":{"rendered":"<p><img decoding=\"async\" src=\"https:\/\/prizrenpost.com\/al\/wp-content\/uploads\/2018\/07\/Vetevendosje_logo.png\" alt=\"\" width=\"100%\" height=\"\" class=\"alignleft size-full wp-image-42257\" srcset=\"https:\/\/prizrenpost.com\/al\/wp-content\/uploads\/2018\/07\/Vetevendosje_logo.png 1500w, https:\/\/prizrenpost.com\/al\/wp-content\/uploads\/2018\/07\/Vetevendosje_logo-300x140.png 300w, https:\/\/prizrenpost.com\/al\/wp-content\/uploads\/2018\/07\/Vetevendosje_logo-768x358.png 768w, https:\/\/prizrenpost.com\/al\/wp-content\/uploads\/2018\/07\/Vetevendosje_logo-1024x478.png 1024w\" sizes=\"(max-width: 1500px) 100vw, 1500px\" \/><\/p>\n<p><strong>Prishtin\u00eb &#8211; Qendra e L\u00ebvizjes VET\u00cbVENDOSJE! n\u00eb Prishtin\u00eb e mb\u00ebshtet protest\u00ebn e qytetar\u00ebve q\u00eb po zhvillohet n\u00eb kund\u00ebrshtim t\u00eb p\u00ebrdorimit t\u00eb 1 ton fishekzjarreve n\u00eb kampusin universitar pran\u00eb Bibliotek\u00ebs Komb\u00ebtare n\u00eb Prishtin\u00eb.<\/strong> <\/p>\n<p>Pas sensibilizimit t\u00eb gjer\u00eb q\u00eb ka ndodhur k\u00ebt\u00eb vit n\u00eb Prishtin\u00eb p\u00ebr nivelet alarmante t\u00eb ndotjes s\u00eb ajrit, t\u00eb gjith\u00eb qytetar\u00ebt dhe t\u00eb gjitha subjektet politike jan\u00eb vet\u00ebdij\u00ebsuar n\u00eb maksimum p\u00ebr k\u00ebt\u00eb gjendje t\u00eb r\u00ebnd\u00eb. Komuna e Prishtin\u00ebs dhe Qeveria do duhej t\u00eb kishin reaguar, dhe do duhej t\u00eb kishin marr\u00eb masa edhe m\u00eb her\u00ebt p\u00ebr ta p\u00ebrmir\u00ebsuar cil\u00ebsin\u00eb e ajrit n\u00eb Prishtin\u00eb. Fakti q\u00eb nuk jan\u00eb marr\u00eb k\u00ebto masa n\u00eb vitet e kaluara nuk mund t\u00eb sh\u00ebrbej\u00eb si pretekst p\u00ebr t\u00eb mos i nd\u00ebrmarr\u00eb ato sot, e aq m\u00eb keq t\u00eb p\u00ebrdoret si pretekst i krer\u00ebve t\u00eb institucioneve lokale dhe qendrore p\u00ebr ta hequr p\u00ebrgjegj\u00ebsin\u00eb nga vetja. Ndotja e ajrit n\u00eb Prishtin\u00eb \u00ebsht\u00eb problem shum\u00eb serioz, dhe kjo ndotje nuk luftohet duke b\u00ebr\u00eb pirueta retorike.<\/p>\n<p>N\u00eb dhjetor 2017, Kryetari i Komun\u00ebs s\u00eb Prishtin\u00ebs, Shpend Ahmeti, ka n\u00ebnshkruar dhe l\u00ebshuar nj\u00eb urdh\u00ebres\u00eb p\u00ebr ndalimin e p\u00ebrdorimit t\u00eb mjeteve piroteknike (fishekzjarre, etj.) n\u00eb vende publike nga data 30 dhjetor deri m\u00eb 3 janar 2018. Kjo urdh\u00ebres\u00eb e n\u00ebnshkruar nga Shpend Ahmeti e hedh posht\u00eb pretendimin e tij t\u00eb sot\u00ebm se komuna nuk merret me dh\u00ebnien e lejeve p\u00ebr p\u00ebrdorimin e mjeteve piroteknike. Urdh\u00ebrsa e dhjetorit, n\u00eb koh\u00ebn kur Shpend Ahmeti ishte ende pjes\u00eb e L\u00ebvizjes VET\u00cbVENDOSJE!, tregon se kur ekziston vullneti politik, Kryetari i Komun\u00ebs edhe di edhe mund t\u00eb merret me ndalimin e k\u00ebtyre mjeteve q\u00eb kontribuojn\u00eb drejtp\u00ebrdrejt n\u00eb ndotjen e m\u00ebtejshme t\u00eb ajrit n\u00eb Prishtin\u00eb dhe n\u00eb sigurin\u00eb fizike t\u00eb qytetar\u00ebve. Mir\u00ebpo, duket se sot Shpend Ahmetin e ka kapur amnezia, dhe ka harruar se \u00e7do t\u00eb thot\u00eb t\u00eb jesh nj\u00eb kryetar komune i p\u00ebrgjegjsh\u00ebm para qytetar\u00ebve.<\/p>\n<p>Nga ana tjet\u00ebr, me reagimin e sot\u00ebm, Ministria e Mjedisit dhe Planifikimit Hap\u00ebsinor (MMPH) hoqi gjithashtu dor\u00eb nga p\u00ebrgjegj\u00ebsia p\u00ebr ta mbrojtur ambientin duke ia kaluar p\u00ebrgjegj\u00ebsin\u00eb Ministris\u00eb s\u00eb Pun\u00ebve t\u00eb Brendshme (MPB), sikur t\u00eb mos ishin t\u00eb dyja k\u00ebto ministri pjes\u00eb e s\u00eb nj\u00ebjt\u00ebs qeveri. Qeveria, si n\u00eb shum\u00eb raste t\u00eb tjer\u00eb, jo vet\u00ebm nuk nd\u00ebrmerr masa p\u00ebr t\u2019i mbrojtur qytetar\u00ebt por edhe merr vendime q\u00eb e rrezikojn\u00eb drejtp\u00ebrdrejt sh\u00ebndetin e qytetar\u00ebve.<\/p>\n<p>Institucionet jan\u00eb duke u tallur me qytetar\u00ebt. Sakaq asnj\u00eb nuk po vepron p\u00ebr ta ndalur p\u00ebrdorimin e sot\u00ebm t\u00eb 1 ton fishekzjarreve n\u00eb mes t\u00eb Prishtin\u00ebs. Theksojm\u00eb edhe nj\u00eb her\u00eb faktin se asnj\u00eb institucion nuk e ka b\u00ebr\u00eb publik vendimin e plot\u00eb p\u00ebr dh\u00ebnien e lejes s\u00eb sotme, dhe nuk i ka treguar emrat e zyrtar\u00ebve komunal\u00eb dhe qeveritar\u00eb q\u00eb e kan\u00eb n\u00ebnshkruar k\u00ebt\u00eb leje. Kjo munges\u00eb transparence nga Komuna dhe nga Qeveria \u00ebsht\u00eb e papranueshme!<\/p>\n<p>Qendra e L\u00ebvizjes VET\u00cbVENDOSJE! n\u00eb Prishtin\u00eb k\u00ebrkon edhe nj\u00eb her\u00eb parandalimin e p\u00ebrdorimit t\u00eb 1 ton fishekzjarreve n\u00eb koncertin e sot\u00ebm si mas\u00eb e menj\u00ebhershme, si dhe hartimin e nj\u00eb rregulloreje q\u00eb do ta ndalonte ndotjen e ajrit me sasi t\u00eb tilla mjetesh piroteknike edhe n\u00eb t\u00eb ardhmen, njofton qendra e L\u00ebvizjes VET\u00cbVENDOSJE! n\u00eb Prishtin\u00eb.<\/p>\n","protected":false},"excerpt":{"rendered":"<p>Prishtin\u00eb &#8211; Qendra e L\u00ebvizjes VET\u00cbVENDOSJE! n\u00eb Prishtin\u00eb e mb\u00ebshtet protest\u00ebn e qytetar\u00ebve q\u00eb po zhvillohet n\u00eb kund\u00ebrshtim t\u00eb p\u00ebrdorimit t\u00eb 1 ton fishekzjarreve n\u00eb kampusin universitar pran\u00eb Bibliotek\u00ebs Komb\u00ebtare n\u00eb Prishtin\u00eb. Pas sensibilizimit t\u00eb gjer\u00eb q\u00eb ka ndodhur k\u00ebt\u00eb vit n\u00eb Prishtin\u00eb p\u00ebr nivelet alarmante t\u00eb ndotjes s\u00eb ajrit, t\u00eb gjith\u00eb qytetar\u00ebt dhe t\u00eb [&hellip;]<\/p>\n","protected":false},"author":1,"featured_media":42257,"comment_status":"open","ping_status":"open","sticky":false,"template":"","format":"standard","meta":{"footnotes":""},"categories":[1],"tags":[3173,48,699],"class_list":["post-42256","post","type-post","status-publish","format-standard","has-post-thumbnail","hentry","category-lajme","tag-fishekzjarret","tag-kosove","tag-vetevendosje"],"_links":{"self":[{"href":"https:\/\/prizrenpost.com\/al\/wp-json\/wp\/v2\/posts\/42256","targetHints":{"allow":["GET"]}}],"collection":[{"href":"https:\/\/prizrenpost.com\/al\/wp-json\/wp\/v2\/posts"}],"about":[{"href":"https:\/\/prizrenpost.com\/al\/wp-json\/wp\/v2\/types\/post"}],"author":[{"embeddable":true,"href":"https:\/\/prizrenpost.com\/al\/wp-json\/wp\/v2\/users\/1"}],"replies":[{"embeddable":true,"href":"https:\/\/prizrenpost.com\/al\/wp-json\/wp\/v2\/comments?post=42256"}],"version-history":[{"count":0,"href":"https:\/\/prizrenpost.com\/al\/wp-json\/wp\/v2\/posts\/42256\/revisions"}],"wp:featuredmedia":[{"embeddable":true,"href":"https:\/\/prizrenpost.com\/al\/wp-json\/wp\/v2\/media\/42257"}],"wp:attachment":[{"href":"https:\/\/prizrenpost.com\/al\/wp-json\/wp\/v2\/media?parent=42256"}],"wp:term":[{"taxonomy":"category","embeddable":true,"href":"https:\/\/prizrenpost.com\/al\/wp-json\/wp\/v2\/categories?post=42256"},{"taxonomy":"post_tag","embeddable":true,"href":"https:\/\/prizrenpost.com\/al\/wp-json\/wp\/v2\/tags?post=42256"}],"curies":[{"name":"wp","href":"https:\/\/api.w.org\/{rel}","templated":true}]}}