{"id":42284,"date":"2018-07-17T11:54:42","date_gmt":"2018-07-17T09:54:42","guid":{"rendered":"https:\/\/prizrenpost.com\/al\/?p=42284"},"modified":"2018-07-17T11:54:42","modified_gmt":"2018-07-17T09:54:42","slug":"komisioneri-hahn-ne-tirane-shmang-rucin-dhe-bashen","status":"publish","type":"post","link":"https:\/\/prizrenpost.com\/al\/komisioneri-hahn-ne-tirane-shmang-rucin-dhe-bashen\/","title":{"rendered":"Komisioneri Hahn n\u00eb Tiran\u00eb, shmang Ru\u00e7in dhe Bash\u00ebn"},"content":{"rendered":"<p><img decoding=\"async\" src=\"https:\/\/prizrenpost.com\/al\/wp-content\/uploads\/2018\/07\/hahn.jpg\" alt=\"\" width=\"100%\" height=\"\" class=\"alignleft size-full wp-image-42285\" srcset=\"https:\/\/prizrenpost.com\/al\/wp-content\/uploads\/2018\/07\/hahn.jpg 884w, https:\/\/prizrenpost.com\/al\/wp-content\/uploads\/2018\/07\/hahn-300x180.jpg 300w, https:\/\/prizrenpost.com\/al\/wp-content\/uploads\/2018\/07\/hahn-768x460.jpg 768w\" sizes=\"(max-width: 884px) 100vw, 884px\" \/><\/p>\n<p><strong>Tiran\u00eb &#8211; Eurokomisioneri p\u00ebr Zgjerimin, Johannes Hahn \u00e7el sot zyrtarisht pun\u00ebn p\u00ebrgatitore n\u00eb Tiran\u00eb p\u00ebr \u00e7eljen e negociatave.<\/strong><\/p>\n<p>Vizita e Hahn vjen pas vendimit t\u00eb K\u00ebshillit t\u00eb BE-s\u00eb, p\u00ebr vendosjen e nj\u00eb afati kohor p\u00ebr \u00e7eljen e negociatave, qershorin e 2019-t\u00ebs.<\/p>\n<p>Aktualisht ai ndodhet n\u00eb Shkup, ku m\u00eb pas do t\u00eb vizitoj\u00eb Tiran\u00ebn. Axhenda e publikuar b\u00ebn t\u00eb ditur se n\u00eb Tiran\u00eb eurokomisioneri Hahn do t\u00eb takohet me presidentin Ilir Meta, kryeministrin Edi Rama dhe p\u00ebrfaq\u00ebsues t\u00eb qeveris\u00eb s\u00eb Shqip\u00ebris\u00eb, por jo me kreun e Kuvendit, Gramoz Ru\u00e7i dhe at\u00eb t\u00eb PD-s\u00eb, Lulzim Basha.<\/p>\n","protected":false},"excerpt":{"rendered":"<p>Tiran\u00eb &#8211; Eurokomisioneri p\u00ebr Zgjerimin, Johannes Hahn \u00e7el sot zyrtarisht pun\u00ebn p\u00ebrgatitore n\u00eb Tiran\u00eb p\u00ebr \u00e7eljen e negociatave. Vizita e Hahn vjen pas vendimit t\u00eb K\u00ebshillit t\u00eb BE-s\u00eb, p\u00ebr vendosjen e nj\u00eb afati kohor p\u00ebr \u00e7eljen e negociatave, qershorin e 2019-t\u00ebs. Aktualisht ai ndodhet n\u00eb Shkup, ku m\u00eb pas do t\u00eb vizitoj\u00eb Tiran\u00ebn. Axhenda e [&hellip;]<\/p>\n","protected":false},"author":1,"featured_media":42285,"comment_status":"open","ping_status":"open","sticky":false,"template":"","format":"standard","meta":{"footnotes":""},"categories":[1],"tags":[4537,3831,1047,53],"class_list":["post-42284","post","type-post","status-publish","format-standard","has-post-thumbnail","hentry","category-lajme","tag-gramoz-ruci","tag-johannes-hahn","tag-lulzim-basha","tag-tirane"],"_links":{"self":[{"href":"https:\/\/prizrenpost.com\/al\/wp-json\/wp\/v2\/posts\/42284","targetHints":{"allow":["GET"]}}],"collection":[{"href":"https:\/\/prizrenpost.com\/al\/wp-json\/wp\/v2\/posts"}],"about":[{"href":"https:\/\/prizrenpost.com\/al\/wp-json\/wp\/v2\/types\/post"}],"author":[{"embeddable":true,"href":"https:\/\/prizrenpost.com\/al\/wp-json\/wp\/v2\/users\/1"}],"replies":[{"embeddable":true,"href":"https:\/\/prizrenpost.com\/al\/wp-json\/wp\/v2\/comments?post=42284"}],"version-history":[{"count":0,"href":"https:\/\/prizrenpost.com\/al\/wp-json\/wp\/v2\/posts\/42284\/revisions"}],"wp:featuredmedia":[{"embeddable":true,"href":"https:\/\/prizrenpost.com\/al\/wp-json\/wp\/v2\/media\/42285"}],"wp:attachment":[{"href":"https:\/\/prizrenpost.com\/al\/wp-json\/wp\/v2\/media?parent=42284"}],"wp:term":[{"taxonomy":"category","embeddable":true,"href":"https:\/\/prizrenpost.com\/al\/wp-json\/wp\/v2\/categories?post=42284"},{"taxonomy":"post_tag","embeddable":true,"href":"https:\/\/prizrenpost.com\/al\/wp-json\/wp\/v2\/tags?post=42284"}],"curies":[{"name":"wp","href":"https:\/\/api.w.org\/{rel}","templated":true}]}}