{"id":42659,"date":"2018-07-28T10:14:12","date_gmt":"2018-07-28T08:14:12","guid":{"rendered":"https:\/\/prizrenpost.com\/al\/?p=42659"},"modified":"2018-07-28T10:14:12","modified_gmt":"2018-07-28T08:14:12","slug":"klopp-sergio-ramos-nje-mundes-brutal","status":"publish","type":"post","link":"https:\/\/prizrenpost.com\/al\/klopp-sergio-ramos-nje-mundes-brutal\/","title":{"rendered":"Klopp: Sergio Ramos, nj\u00eb mund\u00ebs brutal"},"content":{"rendered":"<p><img decoding=\"async\" src=\"https:\/\/prizrenpost.com\/al\/wp-content\/uploads\/2018\/07\/ramos-1-780x439.jpg\" alt=\"\" width=\"100%\" height=\"\" class=\"alignleft size-full wp-image-42660\" srcset=\"https:\/\/prizrenpost.com\/al\/wp-content\/uploads\/2018\/07\/ramos-1-780x439.jpg 780w, https:\/\/prizrenpost.com\/al\/wp-content\/uploads\/2018\/07\/ramos-1-780x439-300x169.jpg 300w, https:\/\/prizrenpost.com\/al\/wp-content\/uploads\/2018\/07\/ramos-1-780x439-768x432.jpg 768w\" sizes=\"(max-width: 780px) 100vw, 780px\" \/><\/p>\n<p><strong>Jurgen Klopp s\u00ebrish ka kritikuar Sergio Ramosin p\u00ebr qasjen e tij agresive n\u00eb finalen e Lig\u00ebs s\u00eb Kampion\u00ebve dhe ka krahasuar veprimet e tij t\u00eb nj\u00eb \u201cmund\u00ebsi brutal\u201d.<\/strong><\/p>\n<p>Ramos ishte kontravers n\u00eb finalen ndaj Liverpoolit t\u00eb zhvilluar n\u00eb maj.<\/p>\n<p>Ai ndikoi n\u00eb p\u00ebrjashtimin e Mohamed Salahut nga loja p\u00ebr shkak t\u00eb l\u00ebndimit dhe po ashtu pas finales ishte konstatuar se goditi Kariusin gjat\u00eb nj\u00eb dueli, duke ndikuar n\u00eb gabimet e portierit gjerman.<\/p>\n<p>\u201cA po hapim at\u00eb shishe s\u00ebrish? \u00cbsht\u00eb aksion, reaksion, aksion e reaksion dhe nuk m\u00eb p\u00eblqen k\u00ebshtu, por n\u00ebse shikoni s\u00ebrish xhirimet dhe nuk jeni tifoz i Real Madridit, at\u00ebher\u00eb do t\u00eb thuani ishte brutale dhe e pam\u00ebshirshme\u201d.<\/p>\n<p>\u201cN\u00eb nj\u00eb situat\u00eb t\u00eb till\u00eb, dikush duhet t\u00eb gjykoj\u00eb m\u00eb mir\u00eb. N\u00ebse VAR vjen n\u00eb nj\u00eb situat\u00eb t\u00eb till\u00eb, at\u00ebher\u00eb ka rishikim. Jo t\u00eb jepet karton i kuq, po t\u00eb thuhet: \u00c7ka ishte ajo? Ishte e pam\u00ebshirshme\u201d.<\/p>\n<p>\u201cNuk jam i sigurt n\u00ebse \u00ebsht\u00eb nj\u00eb p\u00ebrjetim q\u00eb do t\u00eb duhet ta kalojm\u00eb s\u00ebrish, duke shkuar me b\u00ebrryl te portieri, duke rr\u00ebzuar n\u00eb fush\u00eb top golash\u00ebnuesin si nj\u00eb mund\u00ebs e m\u00eb pas t\u00eb fitohet ndeshja\u201d.<\/p>\n<p>\u201cKy ishte tregimi i ndeshjes. Ramos ka th\u00ebn\u00eb shum\u00eb gj\u00ebra pas ndeshjes q\u00eb nuk m\u00eb p\u00eblqyen. Si person nuk m\u00eb p\u00eblqyen reagimet e tij. Ai u sill thua se ishte gjith\u00e7ka normale. Jo, nuk ishte normale. I bashkoni t\u00eb gjitha situatat dhe kuptoni se ka shum\u00eb situata me Ramosin\u201d.<\/p>\n<p>\u201cAta edhe me skuadra t\u00eb tjera kan\u00eb pasur t\u00eb tilla polemika, me Cuadradon ndaj Juventusit ishte rasti i Ramosit. Askush nuk foli m\u00eb pas. \u00cbsht\u00eb situat\u00eb thua se ne t\u00eb gjith\u00eb duhet t\u00eb pranojm\u00eb q\u00eb t\u00eb tjer\u00ebt t\u00eb shfyt\u00ebzojn\u00eb t\u00eb gjitha arm\u00ebt ndaj nesh p\u00ebr t\u00eb fituar ndeshjet. Njer\u00ebzit presin q\u00eb un\u00eb t\u00eb jem i nj\u00ebjt\u00eb, por jo\u201d, u shpreh Klopp, njofton Telegrafi.<\/p>\n","protected":false},"excerpt":{"rendered":"<p>Jurgen Klopp s\u00ebrish ka kritikuar Sergio Ramosin p\u00ebr qasjen e tij agresive n\u00eb finalen e Lig\u00ebs s\u00eb Kampion\u00ebve dhe ka krahasuar veprimet e tij t\u00eb nj\u00eb \u201cmund\u00ebsi brutal\u201d. Ramos ishte kontravers n\u00eb finalen ndaj Liverpoolit t\u00eb zhvilluar n\u00eb maj. Ai ndikoi n\u00eb p\u00ebrjashtimin e Mohamed Salahut nga loja p\u00ebr shkak t\u00eb l\u00ebndimit dhe po ashtu [&hellip;]<\/p>\n","protected":false},"author":1,"featured_media":42660,"comment_status":"open","ping_status":"open","sticky":false,"template":"","format":"standard","meta":{"footnotes":""},"categories":[7],"tags":[972,915,4255,1210,4566],"class_list":["post-42659","post","type-post","status-publish","format-standard","has-post-thumbnail","hentry","category-sport","tag-jurgen-klopp","tag-liverpool","tag-mohamed-salah","tag-real-madrid","tag-sergio-ramos"],"_links":{"self":[{"href":"https:\/\/prizrenpost.com\/al\/wp-json\/wp\/v2\/posts\/42659","targetHints":{"allow":["GET"]}}],"collection":[{"href":"https:\/\/prizrenpost.com\/al\/wp-json\/wp\/v2\/posts"}],"about":[{"href":"https:\/\/prizrenpost.com\/al\/wp-json\/wp\/v2\/types\/post"}],"author":[{"embeddable":true,"href":"https:\/\/prizrenpost.com\/al\/wp-json\/wp\/v2\/users\/1"}],"replies":[{"embeddable":true,"href":"https:\/\/prizrenpost.com\/al\/wp-json\/wp\/v2\/comments?post=42659"}],"version-history":[{"count":0,"href":"https:\/\/prizrenpost.com\/al\/wp-json\/wp\/v2\/posts\/42659\/revisions"}],"wp:featuredmedia":[{"embeddable":true,"href":"https:\/\/prizrenpost.com\/al\/wp-json\/wp\/v2\/media\/42660"}],"wp:attachment":[{"href":"https:\/\/prizrenpost.com\/al\/wp-json\/wp\/v2\/media?parent=42659"}],"wp:term":[{"taxonomy":"category","embeddable":true,"href":"https:\/\/prizrenpost.com\/al\/wp-json\/wp\/v2\/categories?post=42659"},{"taxonomy":"post_tag","embeddable":true,"href":"https:\/\/prizrenpost.com\/al\/wp-json\/wp\/v2\/tags?post=42659"}],"curies":[{"name":"wp","href":"https:\/\/api.w.org\/{rel}","templated":true}]}}