{"id":42666,"date":"2018-07-28T18:38:37","date_gmt":"2018-07-28T16:38:37","guid":{"rendered":"https:\/\/prizrenpost.com\/al\/?p=42666"},"modified":"2018-07-28T18:38:37","modified_gmt":"2018-07-28T16:38:37","slug":"arsenali-e-turperoi-psg-ne","status":"publish","type":"post","link":"https:\/\/prizrenpost.com\/al\/arsenali-e-turperoi-psg-ne\/","title":{"rendered":"Arsenali e \u201cturp\u00ebroi\u201d PSG-n\u00eb"},"content":{"rendered":"<p><img decoding=\"async\" src=\"https:\/\/prizrenpost.com\/al\/wp-content\/uploads\/2018\/07\/arsenal.jpg\" alt=\"\" width=\"100%\" height=\"\" class=\"alignleft size-full wp-image-42667\" srcset=\"https:\/\/prizrenpost.com\/al\/wp-content\/uploads\/2018\/07\/arsenal.jpg 884w, https:\/\/prizrenpost.com\/al\/wp-content\/uploads\/2018\/07\/arsenal-300x180.jpg 300w, https:\/\/prizrenpost.com\/al\/wp-content\/uploads\/2018\/07\/arsenal-768x460.jpg 768w\" sizes=\"(max-width: 884px) 100vw, 884px\" \/><\/p>\n<p><strong>Arsenali ka mundur 5-1 PSG-n\u00eb n\u00eb Internantional Champions Cup.<\/strong><\/p>\n<p>\u201cTop\u00e7injt\u00eb\u201d nuk pat\u00ebn m\u00ebshir\u00eb p\u00ebr t\u00eb rinjt\u00eb e Paris Saint Germain, t\u00eb cil\u00ebt kan\u00eb ende shum\u00eb mungesa n\u00eb formacion. Vet\u00ebm Buffon, Lass Diarra, Adrien Rabiot dhe Nkunku ishin futbollist\u00eb t\u00eb skuadr\u00ebs s\u00eb par\u00eb p\u00ebr ekipin francez.<\/p>\n<p>Londinez\u00ebt zhbllokuan shifrat shum\u00eb shpejt, q\u00eb n\u00eb minut\u00ebn e 13, me t\u00eb shum\u00ebp\u00ebrfolurin gjat\u00eb k\u00ebtyre dit\u00ebve Mesut Ozil, i cili shfryt\u00ebzoi asistin e Aubameyang. Pjesa e par\u00eb u mbyll me k\u00ebt\u00eb rezultat, nd\u00ebrsa lumi i golave do t\u00eb vinte n\u00eb fraksionin e dyt\u00eb.<\/p>\n<p>Fillimisht ishin parizien\u00ebt q\u00eb barazuan shifrat me golin e Nkunku me penallti (\u201960), por barazpesha zgjati fare pak, pasi Laccazete riktheu n\u00eb ep\u00ebrsi Arsenalin n\u00eb minut\u00ebn e 67. Sulmuesi francez tregoi klasin e tij edhe 4 minuta m\u00eb von\u00eb me golin e tret\u00eb, nd\u00ebrsa n\u00eb minutat e fundit Arsenali gjeti edhe dy her\u00eb t\u00eb tjera rrug\u00ebn e rrjet\u00ebs me Holding dhe t\u00eb riun e talentuar Nketiah.<\/p>\n","protected":false},"excerpt":{"rendered":"<p>Arsenali ka mundur 5-1 PSG-n\u00eb n\u00eb Internantional Champions Cup. \u201cTop\u00e7injt\u00eb\u201d nuk pat\u00ebn m\u00ebshir\u00eb p\u00ebr t\u00eb rinjt\u00eb e Paris Saint Germain, t\u00eb cil\u00ebt kan\u00eb ende shum\u00eb mungesa n\u00eb formacion. Vet\u00ebm Buffon, Lass Diarra, Adrien Rabiot dhe Nkunku ishin futbollist\u00eb t\u00eb skuadr\u00ebs s\u00eb par\u00eb p\u00ebr ekipin francez. Londinez\u00ebt zhbllokuan shifrat shum\u00eb shpejt, q\u00eb n\u00eb minut\u00ebn e 13, [&hellip;]<\/p>\n","protected":false},"author":1,"featured_media":42667,"comment_status":"open","ping_status":"open","sticky":false,"template":"","format":"standard","meta":{"footnotes":""},"categories":[7],"tags":[1587,2221,1345],"class_list":["post-42666","post","type-post","status-publish","format-standard","has-post-thumbnail","hentry","category-sport","tag-arsenal","tag-international-champions-cup","tag-paris-saint-germain"],"_links":{"self":[{"href":"https:\/\/prizrenpost.com\/al\/wp-json\/wp\/v2\/posts\/42666","targetHints":{"allow":["GET"]}}],"collection":[{"href":"https:\/\/prizrenpost.com\/al\/wp-json\/wp\/v2\/posts"}],"about":[{"href":"https:\/\/prizrenpost.com\/al\/wp-json\/wp\/v2\/types\/post"}],"author":[{"embeddable":true,"href":"https:\/\/prizrenpost.com\/al\/wp-json\/wp\/v2\/users\/1"}],"replies":[{"embeddable":true,"href":"https:\/\/prizrenpost.com\/al\/wp-json\/wp\/v2\/comments?post=42666"}],"version-history":[{"count":0,"href":"https:\/\/prizrenpost.com\/al\/wp-json\/wp\/v2\/posts\/42666\/revisions"}],"wp:featuredmedia":[{"embeddable":true,"href":"https:\/\/prizrenpost.com\/al\/wp-json\/wp\/v2\/media\/42667"}],"wp:attachment":[{"href":"https:\/\/prizrenpost.com\/al\/wp-json\/wp\/v2\/media?parent=42666"}],"wp:term":[{"taxonomy":"category","embeddable":true,"href":"https:\/\/prizrenpost.com\/al\/wp-json\/wp\/v2\/categories?post=42666"},{"taxonomy":"post_tag","embeddable":true,"href":"https:\/\/prizrenpost.com\/al\/wp-json\/wp\/v2\/tags?post=42666"}],"curies":[{"name":"wp","href":"https:\/\/api.w.org\/{rel}","templated":true}]}}