{"id":42678,"date":"2018-08-01T15:54:20","date_gmt":"2018-08-01T13:54:20","guid":{"rendered":"https:\/\/prizrenpost.com\/al\/?p=42678"},"modified":"2018-08-01T15:54:20","modified_gmt":"2018-08-01T13:54:20","slug":"demarkacioni-me-fqinjet-tkurrje-apo-korrigjim-i-hartes-se-kosoves","status":"publish","type":"post","link":"https:\/\/prizrenpost.com\/al\/demarkacioni-me-fqinjet-tkurrje-apo-korrigjim-i-hartes-se-kosoves\/","title":{"rendered":"Demarkacioni me fqinj\u00ebt, tkurrje apo korrigjim i hart\u00ebs s\u00eb Kosov\u00ebs?"},"content":{"rendered":"<p><img decoding=\"async\" src=\"https:\/\/prizrenpost.com\/al\/wp-content\/uploads\/2018\/08\/hart-768x432.png\" alt=\"\" width=\"100%\" height=\"\" class=\"alignleft size-full wp-image-42679\" srcset=\"https:\/\/prizrenpost.com\/al\/wp-content\/uploads\/2018\/08\/hart-768x432.png 768w, https:\/\/prizrenpost.com\/al\/wp-content\/uploads\/2018\/08\/hart-768x432-300x169.png 300w\" sizes=\"(max-width: 768px) 100vw, 768px\" \/><\/p>\n<p><strong>Prishtin\u00eb &#8211; N\u00eb baz\u00eb t\u00eb t\u00eb dh\u00ebnave t\u00eb fundit t\u00eb publikuara nga Agjencia e Statistikave t\u00eb Kosov\u00ebs, hap\u00ebsira territoriale e Kosov\u00ebs ndryshon me sip\u00ebrfaqen q\u00eb ishte prezantuar nd\u00ebr vite.<\/strong><\/p>\n<p>Pas demarkacionit apo sh\u00ebnjimit t\u00eb vij\u00ebs kufitare me Maqedonin\u00eb, v\u00ebrehet nj\u00eb tkurrje e sip\u00ebrfaqes territoriale t\u00eb Kosov\u00ebs prej rreth 190 hektar\u00ebve.<\/p>\n<p>Nd\u00ebrkaq, mbetet t\u00eb shihet se si do t\u00eb reflektoj\u00eb n\u00eb sip\u00ebrfaqen territoriale t\u00eb Kosov\u00ebs edhe demarkacioni me Malin e Zi, pasi q\u00eb kjo vij\u00eb nuk \u00ebsht\u00eb p\u00ebrcaktuar ende, pavar\u00ebsisht ratifikimit t\u00eb Marr\u00ebveshjes s\u00eb demarkacionit.<\/p>\n<p>N\u00eb vjetarin e Statistikave t\u00eb Publikuar dit\u00eb m\u00eb par\u00eb nga Agjencia e Statistikave t\u00eb Kosov\u00ebs, ku si burim kan\u00eb t\u00eb dh\u00ebnat e Agjencis\u00eb Kadastrale t\u00eb Kosov\u00ebs, thuhet se vitin e kaluar sip\u00ebrfaqja e Kosov\u00ebs ka qen\u00eb 10.905 kilometra katror\u00eb, nga 10.908 sa ka qen\u00eb p\u00ebr dekadat paraprake.<\/p>\n<p>Avni Kastrati nga Agjencia e Statistikave t\u00eb Kosov\u00ebs, thot\u00eb p\u00ebr Radion Evropa e Lir\u00eb se t\u00eb dh\u00ebnat p\u00ebr sip\u00ebrfaqen e Kosov\u00ebs merren nga Agjencia Kadastrale e Kosov\u00ebs.<\/p>\n<p>\u201cDo t\u00eb thot\u00eb sip\u00ebrfaqen e territorit t\u00eb Kosov\u00ebs, Agjencia e Statistikave e merr zyrtarisht nga Agjencia Kadastrale e Kosov\u00ebs\u201d, tha Kastrati.<\/p>\n<p>Por, zyrtar\u00ebt n\u00eb Agjencin\u00eb Kadastrale t\u00eb Kosov\u00ebs nuk jan\u00eb p\u00ebrgjigjur p\u00ebr k\u00ebt\u00eb \u00e7\u00ebshtje.<\/p>\n<p>Tomor \u00c7ela, an\u00ebtar i Komisionit t\u00eb ekspert\u00ebve p\u00ebr matjen e territorit t\u00eb Republik\u00ebs se Kosov\u00ebs t\u00eb angazhuar nga Qeveria e kaluar e Kosov\u00ebs, tha p\u00ebr Radion Evropa e Lir\u00eb se reduktim apo pak\u00ebsim t\u00eb sip\u00ebrfaqes ka pasur n\u00eb vij\u00ebn kufitare m\u00eb Maqedonin\u00eb.<\/p>\n<p>\u201cNe e kemi sqaruar n\u00eb raportin e matjes se n\u00eb segmentin e kufirit n\u00eb mes Kosov\u00ebs dhe Maqedonis\u00eb, ka pasur nj\u00eb pak\u00ebsim t\u00eb sip\u00ebrfaqes p\u00ebr 1. 91 kilometra katror\u00eb, n\u00eb vendbanimin e Restelic\u00ebs, (komuna e Dragashit) dhe Deb\u00ebllde (komuna e Vitis\u00eb)\u201d, tha ai.<\/p>\n<p>\u201cP\u00ebrderisa n\u00eb vendbanimin e Dimcas (komuna e Hani t\u00eb Elezi) ka pasur nj\u00eb rritjes t\u00eb sip\u00ebrfaqes. Mir\u00ebpo, krejt minusi i sip\u00ebrfaqes s\u00eb Kosov\u00ebs n\u00eb raport me segmentin n\u00eb kufirin me Maqedonin\u00eb \u00ebsht\u00eb 1.91 kilomet\u00ebr, q\u00eb i bie 191 hektar\u00eb\u201d, tha \u00c7ela.<\/p>\n<p>Kosova pati ratifikuar Marr\u00ebveshjen p\u00ebr demarkacion me Maqedonin\u00eb n\u00eb vitin 2009, pas disa negociatave q\u00eb kishin zgjatur disa muaj.<\/p>\n<p>Kurse tre vjet pas kund\u00ebrshtimeve dhe debateve, n\u00eb mars t\u00eb k\u00ebtij viti, Kuvendi i Kosov\u00ebs ka arritur ta ratifikoj\u00eb edhe Marr\u00ebveshjen e demarkacionit t\u00eb kufirit me Malin e Zi. Kjo marr\u00ebveshje ishte n\u00ebnshkruar n\u00eb gusht t\u00eb vitit 2015 n\u00eb Vjen\u00eb.<\/p>\n<p>Procesi i ardhsh\u00ebm i sh\u00ebnjimit t\u00eb kufirit do t\u00eb shtrihet n\u00eb zon\u00ebn kufitare me Serbin\u00eb. An\u00ebtar\u00ebt e Komisionit Shtet\u00ebror p\u00ebr Sh\u00ebnjimin dhe Mir\u00ebmbajtjen e kufirit t\u00eb Kosov\u00ebs, tashm\u00eb kan\u00eb potencuar p\u00ebr Radion Evropa e Lir\u00eb, se Kosova ka potenciale t\u00eb mjaftueshme p\u00ebr t\u2019iu qasur \u00e7\u00ebshtjes s\u00eb demarkimit t\u00eb kufirit me shtetin e Serbis\u00eb.<\/p>\n<p>Edhe Tomor \u00c7ela konsideron se nuk do ket\u00eb ndryshime territoriale edhe pas p\u00ebrfundimit t\u00eb demarkacionit me Malin e Zi dhe Serbin\u00eb.<\/p>\n<p>\u201cNuk pres ndonj\u00eb ndryshim p\u00ebr arsye se kemi argumente t\u00eb mjaftueshme, p\u00ebr secil\u00ebn p\u00ebll\u00ebmb\u00eb t\u00eb territorit t\u00eb Kosov\u00ebs dhe kjo e mohon mund\u00ebsin\u00eb q\u00eb territori i Kosov\u00ebs do t\u00eb p\u00ebsoj\u00eb ndryshime edhe pas p\u00ebrfundimit t\u00eb demarkacionit m\u00eb Malin e Zi dhe Serbin\u00eb\u201d, tha \u00c7ela.<\/p>\n<p>P\u00ebr t\u00eb verifikuar sip\u00ebrfaqen e territorit t\u00eb Kosov\u00ebs, Qeveria e kaluar n\u00eb dhjetor t\u00eb vitit 2016, kishte vendosur t\u00eb themelonte nj\u00eb komision t\u00eb ekspert\u00ebve p\u00ebr matjen e territorit, q\u00eb p\u00ebrb\u00ebhej nga 18 p\u00ebrfaq\u00ebsues t\u00eb organizatave dhe agjencive profesionale, shkencore, menaxheriale dhe t\u00eb shoq\u00ebris\u00eb civile, si dhe kishte ftuar disa p\u00ebrfaq\u00ebsues t\u00eb instancave nd\u00ebrkomb\u00ebtare n\u00eb cil\u00ebsi t\u00eb v\u00ebzhgueseve.<\/p>\n<p>Sh\u00ebnjimi i vij\u00ebs kufitare me t\u00eb gjitha vendet fqinje paraqet edhe nj\u00eb kusht p\u00ebr rrumbullakimin e subjektivitetit nd\u00ebrkomb\u00ebtar t\u00eb Kosov\u00ebs, dhe parakusht t\u00eb Bashkimit Evropian dhe t\u00eb NATO-s p\u00ebr t\u00eb ecur tutje n\u00eb procesin integrues.<\/p>\n<p><img decoding=\"async\" src=\"https:\/\/prizrenpost.com\/al\/wp-content\/uploads\/2018\/08\/9EAD3C4D-2838-4555-8D7E-A1D52B531F89_cx3_cy14_cw97_w650_r1_s.png\" alt=\"\" width=\"100%\" height=\"\" class=\"alignnone size-full wp-image-42680\" srcset=\"https:\/\/prizrenpost.com\/al\/wp-content\/uploads\/2018\/08\/9EAD3C4D-2838-4555-8D7E-A1D52B531F89_cx3_cy14_cw97_w650_r1_s.png 650w, https:\/\/prizrenpost.com\/al\/wp-content\/uploads\/2018\/08\/9EAD3C4D-2838-4555-8D7E-A1D52B531F89_cx3_cy14_cw97_w650_r1_s-300x169.png 300w\" sizes=\"(max-width: 650px) 100vw, 650px\" \/><\/p>\n","protected":false},"excerpt":{"rendered":"<p>Prishtin\u00eb &#8211; N\u00eb baz\u00eb t\u00eb t\u00eb dh\u00ebnave t\u00eb fundit t\u00eb publikuara nga Agjencia e Statistikave t\u00eb Kosov\u00ebs, hap\u00ebsira territoriale e Kosov\u00ebs ndryshon me sip\u00ebrfaqen q\u00eb ishte prezantuar nd\u00ebr vite. Pas demarkacionit apo sh\u00ebnjimit t\u00eb vij\u00ebs kufitare me Maqedonin\u00eb, v\u00ebrehet nj\u00eb tkurrje e sip\u00ebrfaqes territoriale t\u00eb Kosov\u00ebs prej rreth 190 hektar\u00ebve. Nd\u00ebrkaq, mbetet t\u00eb shihet se [&hellip;]<\/p>\n","protected":false},"author":1,"featured_media":42679,"comment_status":"open","ping_status":"open","sticky":false,"template":"","format":"standard","meta":{"footnotes":""},"categories":[1],"tags":[3803,909,48],"class_list":["post-42678","post","type-post","status-publish","format-standard","has-post-thumbnail","hentry","category-lajme","tag-aktuale","tag-demarkacioni","tag-kosove"],"_links":{"self":[{"href":"https:\/\/prizrenpost.com\/al\/wp-json\/wp\/v2\/posts\/42678","targetHints":{"allow":["GET"]}}],"collection":[{"href":"https:\/\/prizrenpost.com\/al\/wp-json\/wp\/v2\/posts"}],"about":[{"href":"https:\/\/prizrenpost.com\/al\/wp-json\/wp\/v2\/types\/post"}],"author":[{"embeddable":true,"href":"https:\/\/prizrenpost.com\/al\/wp-json\/wp\/v2\/users\/1"}],"replies":[{"embeddable":true,"href":"https:\/\/prizrenpost.com\/al\/wp-json\/wp\/v2\/comments?post=42678"}],"version-history":[{"count":0,"href":"https:\/\/prizrenpost.com\/al\/wp-json\/wp\/v2\/posts\/42678\/revisions"}],"wp:featuredmedia":[{"embeddable":true,"href":"https:\/\/prizrenpost.com\/al\/wp-json\/wp\/v2\/media\/42679"}],"wp:attachment":[{"href":"https:\/\/prizrenpost.com\/al\/wp-json\/wp\/v2\/media?parent=42678"}],"wp:term":[{"taxonomy":"category","embeddable":true,"href":"https:\/\/prizrenpost.com\/al\/wp-json\/wp\/v2\/categories?post=42678"},{"taxonomy":"post_tag","embeddable":true,"href":"https:\/\/prizrenpost.com\/al\/wp-json\/wp\/v2\/tags?post=42678"}],"curies":[{"name":"wp","href":"https:\/\/api.w.org\/{rel}","templated":true}]}}