{"id":4385,"date":"2013-12-19T17:21:42","date_gmt":"2013-12-19T16:21:42","guid":{"rendered":"http:\/\/prizrenpost.com\/al\/?p=4385"},"modified":"2020-09-01T11:51:02","modified_gmt":"2020-09-01T09:51:02","slug":"hoxhaj-per-forcim-te-bashkepunimit-me-maqedonine","status":"publish","type":"post","link":"https:\/\/prizrenpost.com\/al\/hoxhaj-per-forcim-te-bashkepunimit-me-maqedonine\/","title":{"rendered":"Hoxhaj p\u00ebr forcim t\u00eb bashk\u00ebpunimit me Maqedonin\u00eb"},"content":{"rendered":"<p><img decoding=\"async\" src=\"https:\/\/prizrenpost.com\/al\/wp-content\/uploads\/2013\/12\/Hoxhaj.jpg\" alt=\"\" width=\"100%\" height=\"\" class=\"alignleft size-full wp-image-60376\" srcset=\"https:\/\/prizrenpost.com\/al\/wp-content\/uploads\/2013\/12\/Hoxhaj.jpg 640w, https:\/\/prizrenpost.com\/al\/wp-content\/uploads\/2013\/12\/Hoxhaj-600x338.jpg 600w, https:\/\/prizrenpost.com\/al\/wp-content\/uploads\/2013\/12\/Hoxhaj-300x169.jpg 300w\" sizes=\"(max-width: 640px) 100vw, 640px\" \/><\/p>\n<p><strong>Ministri i Pun\u00ebve t\u00eb Jashtme i Republik\u00ebs s\u00eb Kosov\u00ebs, Enver Hoxhaj, ka pritur n\u00eb takim ambasadorin e ri t\u00eb Maqedonis\u00eb n\u00eb Kosov\u00eb, Ilija Strashevski, i cili i dor\u00ebzoi kopjet e letrave kredenciale.<\/strong><\/p>\n<p>Ministri Hoxhaj i uroi ambasadorit Strashevski suksese n\u00eb misionin e ri, duke e njoftuar p\u00ebr progresin n\u00eb Kosov\u00eb, forcimin e shtet\u00ebsis\u00eb dhe subjektivitetit nd\u00ebrkomb\u00ebtar.<\/p>\n<p>Hoxhaj ka ve\u00e7uar angazhimin e fuqish\u00ebm t\u00eb Qeveris\u00eb s\u00eb Kosov\u00ebs p\u00ebr p\u00ebrmbushjen e agjend\u00ebs integruese evropiane.<\/p>\n<p>Ministri i Jasht\u00ebm kosovar ka shprehur vullnetin e Qeveris\u00eb s\u00eb Kosov\u00ebs p\u00ebr forcimin e m\u00ebtutjesh\u00ebm t\u00eb bashk\u00ebpunimit me Maqedonin\u00eb, n\u00eb kuad\u00ebr edhe t\u00eb bashk\u00ebpunimit rajonal.<\/p>\n<p>Ambasadori i Republik\u00ebs s\u00eb Maqedonis\u00eb n\u00eb Kosov\u00eb, Ilija Strashevski, theksoi gatishm\u00ebrin\u00eb e shtetit t\u00eb tij p\u00ebr forcimin e bashk\u00ebpunimit bilateral, duke shprehur edhe angazhimin e tij t\u00eb fuqish\u00ebm n\u00eb k\u00ebt\u00eb drejtim, gjat\u00eb misionit n\u00eb Kosov\u00eb.<\/p>\n","protected":false},"excerpt":{"rendered":"<p>Ministri i Pun\u00ebve t\u00eb Jashtme i Republik\u00ebs s\u00eb Kosov\u00ebs, Enver Hoxhaj, ka pritur n\u00eb takim ambasadorin e ri t\u00eb Maqedonis\u00eb n\u00eb Kosov\u00eb, Ilija Strashevski, i cili i dor\u00ebzoi kopjet e letrave kredenciale. Ministri Hoxhaj i uroi ambasadorit Strashevski suksese n\u00eb misionin e ri, duke e njoftuar p\u00ebr progresin n\u00eb Kosov\u00eb, forcimin e shtet\u00ebsis\u00eb dhe subjektivitetit [&hellip;]<\/p>\n","protected":false},"author":1,"featured_media":60376,"comment_status":"open","ping_status":"open","sticky":false,"template":"","format":"standard","meta":{"footnotes":""},"categories":[1],"tags":[217,287,888],"class_list":["post-4385","post","type-post","status-publish","format-standard","has-post-thumbnail","hentry","category-lajme","tag-enver-hoxhaj","tag-kosova","tag-maqedonia"],"_links":{"self":[{"href":"https:\/\/prizrenpost.com\/al\/wp-json\/wp\/v2\/posts\/4385","targetHints":{"allow":["GET"]}}],"collection":[{"href":"https:\/\/prizrenpost.com\/al\/wp-json\/wp\/v2\/posts"}],"about":[{"href":"https:\/\/prizrenpost.com\/al\/wp-json\/wp\/v2\/types\/post"}],"author":[{"embeddable":true,"href":"https:\/\/prizrenpost.com\/al\/wp-json\/wp\/v2\/users\/1"}],"replies":[{"embeddable":true,"href":"https:\/\/prizrenpost.com\/al\/wp-json\/wp\/v2\/comments?post=4385"}],"version-history":[{"count":1,"href":"https:\/\/prizrenpost.com\/al\/wp-json\/wp\/v2\/posts\/4385\/revisions"}],"predecessor-version":[{"id":60377,"href":"https:\/\/prizrenpost.com\/al\/wp-json\/wp\/v2\/posts\/4385\/revisions\/60377"}],"wp:featuredmedia":[{"embeddable":true,"href":"https:\/\/prizrenpost.com\/al\/wp-json\/wp\/v2\/media\/60376"}],"wp:attachment":[{"href":"https:\/\/prizrenpost.com\/al\/wp-json\/wp\/v2\/media?parent=4385"}],"wp:term":[{"taxonomy":"category","embeddable":true,"href":"https:\/\/prizrenpost.com\/al\/wp-json\/wp\/v2\/categories?post=4385"},{"taxonomy":"post_tag","embeddable":true,"href":"https:\/\/prizrenpost.com\/al\/wp-json\/wp\/v2\/tags?post=4385"}],"curies":[{"name":"wp","href":"https:\/\/api.w.org\/{rel}","templated":true}]}}