{"id":4612,"date":"2014-01-06T13:53:40","date_gmt":"2014-01-06T12:53:40","guid":{"rendered":"http:\/\/prizrenpost.com\/al\/?p=4612"},"modified":"2021-01-06T12:32:14","modified_gmt":"2021-01-06T11:32:14","slug":"emri-i-profetit-muhammed-a-s-ne-zyren-e-stefan-fules","status":"publish","type":"post","link":"https:\/\/prizrenpost.com\/al\/emri-i-profetit-muhammed-a-s-ne-zyren-e-stefan-fules\/","title":{"rendered":"Emri i profetit Muhammed a.s. n\u00eb zyr\u00ebn e Stefan Fules"},"content":{"rendered":"<p><img decoding=\"async\" src=\"https:\/\/prizrenpost.com\/al\/wp-content\/uploads\/2014\/01\/Fule.jpg\" alt=\"\" width=\"100%\" height=\"\" class=\"alignleft size-full wp-image-62034\" srcset=\"https:\/\/prizrenpost.com\/al\/wp-content\/uploads\/2014\/01\/Fule.jpg 500w, https:\/\/prizrenpost.com\/al\/wp-content\/uploads\/2014\/01\/Fule-300x169.jpg 300w\" sizes=\"(max-width: 500px) 100vw, 500px\" \/><\/p>\n<p><strong>Komisioneri p\u00ebr zgjerim i Bashkimit Europian Stefan Fule \u00ebsht\u00eb nj\u00eb politikan \u00e7ek dhe i p\u00ebrket fes\u00eb krishtere por kjo nuk e pengon aspak drejtuesin e lart\u00eb t\u00eb Brukselit t\u00eb mbaj\u00eb n\u00eb zyr\u00ebn e tij edhe nj\u00eb foto madh\u00ebshtore: nj\u00eb kaligrafi me emrin e profetit Muhammed, shkruajne mediat ne Shqiperi.<\/strong><\/p>\n<p><img decoding=\"async\" src=\"https:\/\/prizrenpost.com\/al\/wp-content\/uploads\/2014\/01\/foto.jpeg\" alt=\"\" width=\"70%\" height=\"\" class=\"alignnone size-full wp-image-62035\" srcset=\"https:\/\/prizrenpost.com\/al\/wp-content\/uploads\/2014\/01\/foto.jpeg 460w, https:\/\/prizrenpost.com\/al\/wp-content\/uploads\/2014\/01\/foto-300x164.jpeg 300w\" sizes=\"(max-width: 460px) 100vw, 460px\" \/><\/p>\n<p>Fotoja n\u00eb fjal\u00eb ka r\u00ebn\u00eb n\u00eb sy gjat\u00eb vizit\u00ebs s\u00eb kryetarit t\u00eb parlamentit Ilir Meta n\u00eb Bruksel, gjat\u00eb p\u00ebrpjekjeve t\u00eb Tiran\u00ebs zyrtare p\u00ebr t\u00eb siguruar n\u00eb dhjetor statusin e vendit kandidat.<\/p>\n","protected":false},"excerpt":{"rendered":"<p>Komisioneri p\u00ebr zgjerim i Bashkimit Europian Stefan Fule \u00ebsht\u00eb nj\u00eb politikan \u00e7ek dhe i p\u00ebrket fes\u00eb krishtere por kjo nuk e pengon aspak drejtuesin e lart\u00eb t\u00eb Brukselit t\u00eb mbaj\u00eb n\u00eb zyr\u00ebn e tij edhe nj\u00eb foto madh\u00ebshtore: nj\u00eb kaligrafi me emrin e profetit Muhammed, shkruajne mediat ne Shqiperi. Fotoja n\u00eb fjal\u00eb ka r\u00ebn\u00eb n\u00eb [&hellip;]<\/p>\n","protected":false},"author":1,"featured_media":62034,"comment_status":"open","ping_status":"open","sticky":false,"template":"","format":"standard","meta":{"footnotes":""},"categories":[1],"tags":[4451],"class_list":["post-4612","post","type-post","status-publish","format-standard","has-post-thumbnail","hentry","category-lajme","tag-stefan-fule"],"_links":{"self":[{"href":"https:\/\/prizrenpost.com\/al\/wp-json\/wp\/v2\/posts\/4612","targetHints":{"allow":["GET"]}}],"collection":[{"href":"https:\/\/prizrenpost.com\/al\/wp-json\/wp\/v2\/posts"}],"about":[{"href":"https:\/\/prizrenpost.com\/al\/wp-json\/wp\/v2\/types\/post"}],"author":[{"embeddable":true,"href":"https:\/\/prizrenpost.com\/al\/wp-json\/wp\/v2\/users\/1"}],"replies":[{"embeddable":true,"href":"https:\/\/prizrenpost.com\/al\/wp-json\/wp\/v2\/comments?post=4612"}],"version-history":[{"count":2,"href":"https:\/\/prizrenpost.com\/al\/wp-json\/wp\/v2\/posts\/4612\/revisions"}],"predecessor-version":[{"id":62037,"href":"https:\/\/prizrenpost.com\/al\/wp-json\/wp\/v2\/posts\/4612\/revisions\/62037"}],"wp:featuredmedia":[{"embeddable":true,"href":"https:\/\/prizrenpost.com\/al\/wp-json\/wp\/v2\/media\/62034"}],"wp:attachment":[{"href":"https:\/\/prizrenpost.com\/al\/wp-json\/wp\/v2\/media?parent=4612"}],"wp:term":[{"taxonomy":"category","embeddable":true,"href":"https:\/\/prizrenpost.com\/al\/wp-json\/wp\/v2\/categories?post=4612"},{"taxonomy":"post_tag","embeddable":true,"href":"https:\/\/prizrenpost.com\/al\/wp-json\/wp\/v2\/tags?post=4612"}],"curies":[{"name":"wp","href":"https:\/\/api.w.org\/{rel}","templated":true}]}}