{"id":46258,"date":"2018-08-07T16:54:45","date_gmt":"2018-08-07T14:54:45","guid":{"rendered":"https:\/\/prizrenpost.com\/al\/?p=46258"},"modified":"2018-08-07T16:54:45","modified_gmt":"2018-08-07T14:54:45","slug":"haradinaj-kufijte-ndryshohen-vetem-me-lufte","status":"publish","type":"post","link":"https:\/\/prizrenpost.com\/al\/haradinaj-kufijte-ndryshohen-vetem-me-lufte\/","title":{"rendered":"Haradinaj: Kufijt\u00eb ndryshohen vet\u00ebm me luft\u00eb"},"content":{"rendered":"<p><img decoding=\"async\" src=\"https:\/\/prizrenpost.com\/al\/wp-content\/uploads\/2018\/08\/rambo.jpg\" alt=\"\" width=\"100%\" height=\"\" class=\"alignleft size-full wp-image-46259\" srcset=\"https:\/\/prizrenpost.com\/al\/wp-content\/uploads\/2018\/08\/rambo.jpg 884w, https:\/\/prizrenpost.com\/al\/wp-content\/uploads\/2018\/08\/rambo-300x181.jpg 300w, https:\/\/prizrenpost.com\/al\/wp-content\/uploads\/2018\/08\/rambo-768x462.jpg 768w\" sizes=\"(max-width: 884px) 100vw, 884px\" \/><\/p>\n<p><strong>Prishtin\u00eb &#8211; Ndryshimi i kufijve t\u00eb Kosov\u00ebs mund t\u00eb b\u00ebhet vet\u00ebm me luft\u00eb dhe \u00e7\u00ebshtja e vetme q\u00eb mund t\u00eb diskutohet me Serbin\u00eb \u00ebsht\u00eb njohja reciproke. K\u00ebshtu tha n\u00eb nj\u00eb konferenc\u00eb p\u00ebr shtyp kryeministri Ramush Haradinaj.<\/strong><\/p>\n<p>\u201cKufijt\u00eb jan\u00eb vendosur me luft\u00eb, ve\u00e7 lufta i luan. Kush kujton se kufijt\u00eb luhen ndryshe, \u00ebsht\u00eb gabim. K\u00ebta kufij jan\u00eb vendosur nga Ushtria \u00c7lirimtar\u00eb e Kosov\u00ebs dhe nd\u00ebrhyrja e NATO-s. K\u00ebta jan\u00eb kufij lufte. Ajo \u00e7far\u00eb ka mbetur me Serbin\u00eb \u00ebsht\u00eb njohja e Kosov\u00ebs me k\u00ebta kufij\u201d, tha Haradinaj.<\/p>\n<p>Sipas tij, gjith\u00e7ka ka mbetur t\u00eb diskutohet me Serbin\u00eb \u00ebsht\u00eb vet\u00ebm njohja reciproke, p\u00ebr t\u00eb cil\u00ebn ai thot\u00eb se e mb\u00ebshtet presidentin Hashim Tha\u00e7i.<\/p>\n<p>\u201cNdryshimi i kufijve i intereson vet\u00ebm (presidentit rus) Vladimir Putinit. N\u00eb kontinentin ton\u00eb nuk ka tjet\u00ebr kujt q\u00eb i intereson. Ne nuk i takojm\u00eb hart\u00ebs s\u00eb tij. Ne i takojm\u00eb nj\u00eb bote tjet\u00ebr, q\u00eb e udh\u00ebheq Amerika, e ne nuk i p\u00ebrshtatemi loj\u00ebrave t\u00eb tij, nuk i luajm\u00eb kufijt\u00eb\u201d, tha Haradinaj.<\/p>\n<p>Pas mbledhjes s\u00eb Qeveris\u00eb, Haradinaj tha se projektstatuti p\u00ebr Asociacionin \u00ebsht\u00eb dor\u00ebzuar dhe ai do t\u00eb jet\u00eb n\u00eb p\u00ebrputhje me ligjet e Kosov\u00ebs.<\/p>\n<p>I pyetur nga gazetar\u00ebt n\u00ebse ka qen\u00eb i k\u00ebrc\u00ebnuar s\u00eb fundmi, Haradinaj tha se ndihet shum\u00eb i sigurt\u00eb, nd\u00ebrsa si me shaka tha se jan\u00eb \u201cdo polic\u00eb q\u00eb po i ruan mir\u00eb dhe nuk jan\u00eb t\u00eb rrezikuar\u201d.<\/p>\n","protected":false},"excerpt":{"rendered":"<p>Prishtin\u00eb &#8211; Ndryshimi i kufijve t\u00eb Kosov\u00ebs mund t\u00eb b\u00ebhet vet\u00ebm me luft\u00eb dhe \u00e7\u00ebshtja e vetme q\u00eb mund t\u00eb diskutohet me Serbin\u00eb \u00ebsht\u00eb njohja reciproke. K\u00ebshtu tha n\u00eb nj\u00eb konferenc\u00eb p\u00ebr shtyp kryeministri Ramush Haradinaj. \u201cKufijt\u00eb jan\u00eb vendosur me luft\u00eb, ve\u00e7 lufta i luan. Kush kujton se kufijt\u00eb luhen ndryshe, \u00ebsht\u00eb gabim. K\u00ebta kufij [&hellip;]<\/p>\n","protected":false},"author":1,"featured_media":46259,"comment_status":"open","ping_status":"open","sticky":false,"template":"","format":"standard","meta":{"footnotes":""},"categories":[1],"tags":[48,864,1140],"class_list":["post-46258","post","type-post","status-publish","format-standard","has-post-thumbnail","hentry","category-lajme","tag-kosove","tag-kryeministri","tag-ramush-haradinaj"],"_links":{"self":[{"href":"https:\/\/prizrenpost.com\/al\/wp-json\/wp\/v2\/posts\/46258","targetHints":{"allow":["GET"]}}],"collection":[{"href":"https:\/\/prizrenpost.com\/al\/wp-json\/wp\/v2\/posts"}],"about":[{"href":"https:\/\/prizrenpost.com\/al\/wp-json\/wp\/v2\/types\/post"}],"author":[{"embeddable":true,"href":"https:\/\/prizrenpost.com\/al\/wp-json\/wp\/v2\/users\/1"}],"replies":[{"embeddable":true,"href":"https:\/\/prizrenpost.com\/al\/wp-json\/wp\/v2\/comments?post=46258"}],"version-history":[{"count":0,"href":"https:\/\/prizrenpost.com\/al\/wp-json\/wp\/v2\/posts\/46258\/revisions"}],"wp:featuredmedia":[{"embeddable":true,"href":"https:\/\/prizrenpost.com\/al\/wp-json\/wp\/v2\/media\/46259"}],"wp:attachment":[{"href":"https:\/\/prizrenpost.com\/al\/wp-json\/wp\/v2\/media?parent=46258"}],"wp:term":[{"taxonomy":"category","embeddable":true,"href":"https:\/\/prizrenpost.com\/al\/wp-json\/wp\/v2\/categories?post=46258"},{"taxonomy":"post_tag","embeddable":true,"href":"https:\/\/prizrenpost.com\/al\/wp-json\/wp\/v2\/tags?post=46258"}],"curies":[{"name":"wp","href":"https:\/\/api.w.org\/{rel}","templated":true}]}}