{"id":46315,"date":"2018-08-19T19:40:39","date_gmt":"2018-08-19T17:40:39","guid":{"rendered":"https:\/\/prizrenpost.com\/al\/?p=46315"},"modified":"2018-08-19T19:40:39","modified_gmt":"2018-08-19T17:40:39","slug":"neser-flet-prokuroria-per-veteranet-e-rrejshem","status":"publish","type":"post","link":"https:\/\/prizrenpost.com\/al\/neser-flet-prokuroria-per-veteranet-e-rrejshem\/","title":{"rendered":"Nes\u00ebr flet Prokuroria p\u00ebr veteran\u00ebt e rrejsh\u00ebm"},"content":{"rendered":"<p><img decoding=\"async\" src=\"https:\/\/prizrenpost.com\/al\/wp-content\/uploads\/2018\/08\/uck21_890738-e1459857723805.jpg\" alt=\"\" width=\"100%\" height=\"\" class=\"alignleft size-full wp-image-46316\" srcset=\"https:\/\/prizrenpost.com\/al\/wp-content\/uploads\/2018\/08\/uck21_890738-e1459857723805.jpg 720w, https:\/\/prizrenpost.com\/al\/wp-content\/uploads\/2018\/08\/uck21_890738-e1459857723805-300x177.jpg 300w\" sizes=\"(max-width: 720px) 100vw, 720px\" \/><\/p>\n<p><strong>Prishtin\u00eb &#8211; T\u00eb h\u00ebn\u00ebn, n\u00eb Prokurorin\u00eb Speciale do t\u00eb mbahet nj\u00eb konferenc\u00eb, ku do t\u00eb sqarohen t\u00eb gjitha dilemat q\u00eb jan\u00eb ngritur p\u00ebr aktakuz\u00ebn e prokurorit t\u00eb dor\u00ebhequr Elez Blakaj, p\u00ebr veteran\u00ebt e luft\u00ebs.<\/strong><\/p>\n<p>Kryeprokurori i Speciales, Reshat Millaku e ka pranuar se nj\u00ebra prej arsyeve pse s\u2019ka shkuar aktakuza n\u00eb Gjykat\u00eb \u00ebsht\u00eb se nuk dihen kush jan\u00eb p\u00ebrfituesit e paligjsh\u00ebm.<\/p>\n<p>\u201cNj\u00ebra prej arsyeve pse aktakuza nuk ka shkuar n\u00eb gjykat\u00eb \u00ebsht\u00eb se nuk dihet kush jan\u00eb p\u00ebrfituesit e paligjsh\u00ebm. Ka vet\u00ebm shifra por jo emra konkret\u00eb\u201d, ka th\u00ebn\u00eb Millaku.<\/p>\n<p>N\u00eb an\u00ebn tjet\u00ebr, organizatat q\u00eb monitorojn\u00eb sistemin e drejt\u00ebsis\u00eb presin q\u00eb aktakuza e prokurorit Blakaj t\u00eb dor\u00ebzohet n\u00eb gjykat\u00eb dhe e nj\u00ebjta t\u00eb mbrohet nga nj\u00eb prokuror me integritet, i pavarur dhe i paansh\u00ebm.<\/p>\n<p>Si\u00e7 \u00ebsht\u00eb b\u00ebr\u00eb tashm\u00eb e ditur, prokurori special Elez Blakaj ka ngritur aktakuz\u00eb ndaj 12 personave lidhur me list\u00ebn e veteran\u00ebve t\u00eb luft\u00ebs.<\/p>\n<p>Sipas gjetjeve t\u00eb tij, 19 mij\u00eb persona jan\u00eb futur n\u00eb list\u00eb n\u00eb m\u00ebnyr\u00eb t\u00eb paligjshme.\/21Media\/<\/p>\n","protected":false},"excerpt":{"rendered":"<p>Prishtin\u00eb &#8211; T\u00eb h\u00ebn\u00ebn, n\u00eb Prokurorin\u00eb Speciale do t\u00eb mbahet nj\u00eb konferenc\u00eb, ku do t\u00eb sqarohen t\u00eb gjitha dilemat q\u00eb jan\u00eb ngritur p\u00ebr aktakuz\u00ebn e prokurorit t\u00eb dor\u00ebhequr Elez Blakaj, p\u00ebr veteran\u00ebt e luft\u00ebs. Kryeprokurori i Speciales, Reshat Millaku e ka pranuar se nj\u00ebra prej arsyeve pse s\u2019ka shkuar aktakuza n\u00eb Gjykat\u00eb \u00ebsht\u00eb se nuk [&hellip;]<\/p>\n","protected":false},"author":1,"featured_media":46316,"comment_status":"open","ping_status":"open","sticky":false,"template":"","format":"standard","meta":{"footnotes":""},"categories":[1],"tags":[48,36],"class_list":["post-46315","post","type-post","status-publish","format-standard","has-post-thumbnail","hentry","category-lajme","tag-kosove","tag-uck"],"_links":{"self":[{"href":"https:\/\/prizrenpost.com\/al\/wp-json\/wp\/v2\/posts\/46315","targetHints":{"allow":["GET"]}}],"collection":[{"href":"https:\/\/prizrenpost.com\/al\/wp-json\/wp\/v2\/posts"}],"about":[{"href":"https:\/\/prizrenpost.com\/al\/wp-json\/wp\/v2\/types\/post"}],"author":[{"embeddable":true,"href":"https:\/\/prizrenpost.com\/al\/wp-json\/wp\/v2\/users\/1"}],"replies":[{"embeddable":true,"href":"https:\/\/prizrenpost.com\/al\/wp-json\/wp\/v2\/comments?post=46315"}],"version-history":[{"count":0,"href":"https:\/\/prizrenpost.com\/al\/wp-json\/wp\/v2\/posts\/46315\/revisions"}],"wp:featuredmedia":[{"embeddable":true,"href":"https:\/\/prizrenpost.com\/al\/wp-json\/wp\/v2\/media\/46316"}],"wp:attachment":[{"href":"https:\/\/prizrenpost.com\/al\/wp-json\/wp\/v2\/media?parent=46315"}],"wp:term":[{"taxonomy":"category","embeddable":true,"href":"https:\/\/prizrenpost.com\/al\/wp-json\/wp\/v2\/categories?post=46315"},{"taxonomy":"post_tag","embeddable":true,"href":"https:\/\/prizrenpost.com\/al\/wp-json\/wp\/v2\/tags?post=46315"}],"curies":[{"name":"wp","href":"https:\/\/api.w.org\/{rel}","templated":true}]}}