{"id":4638,"date":"2014-01-07T16:22:52","date_gmt":"2014-01-07T15:22:52","guid":{"rendered":"http:\/\/prizrenpost.com\/al\/?p=4638"},"modified":"2021-01-06T12:25:06","modified_gmt":"2021-01-06T11:25:06","slug":"erdogan-gjeneva-ii-te-rezultoje-me-te-ardhme-pa-asadin","status":"publish","type":"post","link":"https:\/\/prizrenpost.com\/al\/erdogan-gjeneva-ii-te-rezultoje-me-te-ardhme-pa-asadin\/","title":{"rendered":"Erdogan: Gjeneva II t\u00eb rezultoj\u00eb me t\u00eb ardhme pa Asadin"},"content":{"rendered":"<p><img decoding=\"async\" src=\"https:\/\/prizrenpost.com\/al\/wp-content\/uploads\/2014\/01\/Erdogan-1.jpg\" alt=\"\" width=\"100%\" height=\"\" class=\"alignleft size-full wp-image-62018\" srcset=\"https:\/\/prizrenpost.com\/al\/wp-content\/uploads\/2014\/01\/Erdogan-1.jpg 940w, https:\/\/prizrenpost.com\/al\/wp-content\/uploads\/2014\/01\/Erdogan-1-300x200.jpg 300w, https:\/\/prizrenpost.com\/al\/wp-content\/uploads\/2014\/01\/Erdogan-1-768x512.jpg 768w\" sizes=\"(max-width: 940px) 100vw, 940px\" \/><\/p>\n<p><strong>Kryeministri turk Rexhep Tayip Erdogan ka th\u00ebn\u00eb t\u00eb mart\u00ebn se shpreson se bisedimet p\u00ebr arritjen e paqes n\u00eb Siri n\u00eb konferenc\u00ebn Gjeneva II do t\u00eb rezultojn\u00eb n\u00eb fundin e epok\u00ebs s\u00eb Asadit. Erdogani i b\u00ebri k\u00ebto komente gjat\u00eb nj\u00eb konfernece p\u00ebr shtyp n\u00eb Tokio, ku ka filluar turneun e tij n\u00eb lindjen e larg\u00ebt.<\/strong><\/p>\n<p>Ai ka th\u00ebn\u00eb se shpreson se konferenca e mb\u00ebshtetur nga OKB-ja q\u00eb pritet t\u00eb mbahet n\u00eb Gjenev\u00eb m\u00eb 22 janar ka p\u00ebr t\u2019i dh\u00ebn\u00eb fund luft\u00ebs civile n\u00eb Siri; \u201c t\u00eb ket\u00eb sukses dhe t\u00eb mirren hapa t\u00eb domosdosh\u00ebm p\u00ebr t\u2019i dh\u00ebn\u00eb fund regjimit t\u00eb Asadit\u201d<\/p>\n<p>Erdogan shtoi se populli sirian duan nj\u00eb qeveri q\u00eb do t\u00eb respektoj\u00eb vullnetin e tyre. \u201c N\u00ebse ne e mendojm\u00eb Sirin\u00eb me nj\u00eb udh\u00ebheq\u00ebs i cili \u00ebsht\u00eb p\u00ebrgjegj\u00ebs p\u00ebr 130 mij\u00eb t\u00eb vdekur, at\u00ebher\u00eb Siria do t\u00eb jet\u00eb k\u00ebshtu p\u00ebrgjithmon\u00eb\u201d, ka th\u00ebn\u00eb Erdogan, gjat\u00eb konfernc\u00ebs s\u00eb organizuar nga e p\u00ebrditshmja Nikkei.<\/p>\n<p>Erdogan ka th\u00ebn\u00eb gjithashtu se lufta kund\u00ebr terrorizmit duhet t\u00eb jet\u00eb luft\u00eb globale, \u201cE ardhmja e njer\u00ebzimit q\u00ebndron n\u00eb luft\u00ebn kund\u00ebr terrorizmit nga Japonia n\u00eb Shtetet e Bashkuara me sinqeritet dhe vendosm\u00ebri.\u201d<\/p>\n","protected":false},"excerpt":{"rendered":"<p>Kryeministri turk Rexhep Tayip Erdogan ka th\u00ebn\u00eb t\u00eb mart\u00ebn se shpreson se bisedimet p\u00ebr arritjen e paqes n\u00eb Siri n\u00eb konferenc\u00ebn Gjeneva II do t\u00eb rezultojn\u00eb n\u00eb fundin e epok\u00ebs s\u00eb Asadit. Erdogani i b\u00ebri k\u00ebto komente gjat\u00eb nj\u00eb konfernece p\u00ebr shtyp n\u00eb Tokio, ku ka filluar turneun e tij n\u00eb lindjen e larg\u00ebt. Ai [&hellip;]<\/p>\n","protected":false},"author":1,"featured_media":62018,"comment_status":"open","ping_status":"open","sticky":false,"template":"","format":"standard","meta":{"footnotes":""},"categories":[1],"tags":[1059,844],"class_list":["post-4638","post","type-post","status-publish","format-standard","has-post-thumbnail","hentry","category-lajme","tag-recep-tayyip-erdogan","tag-siria"],"_links":{"self":[{"href":"https:\/\/prizrenpost.com\/al\/wp-json\/wp\/v2\/posts\/4638","targetHints":{"allow":["GET"]}}],"collection":[{"href":"https:\/\/prizrenpost.com\/al\/wp-json\/wp\/v2\/posts"}],"about":[{"href":"https:\/\/prizrenpost.com\/al\/wp-json\/wp\/v2\/types\/post"}],"author":[{"embeddable":true,"href":"https:\/\/prizrenpost.com\/al\/wp-json\/wp\/v2\/users\/1"}],"replies":[{"embeddable":true,"href":"https:\/\/prizrenpost.com\/al\/wp-json\/wp\/v2\/comments?post=4638"}],"version-history":[{"count":1,"href":"https:\/\/prizrenpost.com\/al\/wp-json\/wp\/v2\/posts\/4638\/revisions"}],"predecessor-version":[{"id":62019,"href":"https:\/\/prizrenpost.com\/al\/wp-json\/wp\/v2\/posts\/4638\/revisions\/62019"}],"wp:featuredmedia":[{"embeddable":true,"href":"https:\/\/prizrenpost.com\/al\/wp-json\/wp\/v2\/media\/62018"}],"wp:attachment":[{"href":"https:\/\/prizrenpost.com\/al\/wp-json\/wp\/v2\/media?parent=4638"}],"wp:term":[{"taxonomy":"category","embeddable":true,"href":"https:\/\/prizrenpost.com\/al\/wp-json\/wp\/v2\/categories?post=4638"},{"taxonomy":"post_tag","embeddable":true,"href":"https:\/\/prizrenpost.com\/al\/wp-json\/wp\/v2\/tags?post=4638"}],"curies":[{"name":"wp","href":"https:\/\/api.w.org\/{rel}","templated":true}]}}