{"id":4647,"date":"2014-01-07T21:09:03","date_gmt":"2014-01-07T20:09:03","guid":{"rendered":"http:\/\/prizrenpost.com\/al\/?p=4647"},"modified":"2021-01-06T12:22:42","modified_gmt":"2021-01-06T11:22:42","slug":"irani-turqia-bejne-thirrje-per-ti-dhene-fund-trazirave-ne-lindjen-e-mesme","status":"publish","type":"post","link":"https:\/\/prizrenpost.com\/al\/irani-turqia-bejne-thirrje-per-ti-dhene-fund-trazirave-ne-lindjen-e-mesme\/","title":{"rendered":"Irani, Turqia b\u00ebjn\u00eb thirrje p\u00ebr t\u2019i dh\u00ebn\u00eb fund trazirave n\u00eb Lindjen e Mesme"},"content":{"rendered":"<p><img decoding=\"async\" src=\"https:\/\/prizrenpost.com\/al\/wp-content\/uploads\/2014\/01\/Ahmet-Davutoglu.jpg\" alt=\"\" width=\"100%\" height=\"\" class=\"alignleft size-full wp-image-62011\" srcset=\"https:\/\/prizrenpost.com\/al\/wp-content\/uploads\/2014\/01\/Ahmet-Davutoglu.jpg 650w, https:\/\/prizrenpost.com\/al\/wp-content\/uploads\/2014\/01\/Ahmet-Davutoglu-300x168.jpg 300w\" sizes=\"(max-width: 650px) 100vw, 650px\" \/><\/p>\n<p><strong>Irani dhe Turqia diskutojn\u00eb kriz\u00ebn n\u00eb Siri dhe p\u00ebrleshjet e  vazhdueshme n\u00eb Irakun per\u00ebndimor, duke b\u00ebr\u00eb thirrje p\u00ebr dh\u00ebnien fund t\u00eb dhun\u00ebs n\u00eb vendet fqinje arabe.<\/strong><\/p>\n<p>     Sipas Press TV, Ministri i Jasht\u00ebm i Iranit Muhammed Xhevad  Zarif tha t\u00eb shtun\u00ebn, m\u00eb 4 janar 2014, n\u00eb Teheran se po punon me Turqin\u00eb p\u00ebr t\u00eb zgjidhur dallimet e tyre rreth Siris\u00eb, duke theksuar se \u00e7do zgjidhje p\u00ebr kriz\u00ebn e zgjatur n\u00eb vend duhet t\u00eb jet\u00eb paq\u00ebsore.<\/p>\n<p>      Zarif tha n\u00eb nj\u00eb konferenc\u00eb t\u00eb p\u00ebrbashk\u00ebt p\u00ebr shtyp me homologun e tij turk, Ahmet Davutoglu n\u00eb Stamboll  se Vendet e tjera duhet t\u00eb ndihmojn\u00eb popullin e Siris\u00eb p\u00ebr t\u00eb arritur nj\u00eb konsensus dhe p\u00ebr t\u2019i dh\u00ebn\u00eb fund dhun\u00ebs n\u00eb Siri.<\/p>\n<p>       Ahmet Davutoglu, gjithashtu, b\u00ebri thirrje p\u00ebr nj\u00eb arm\u00ebpushim n\u00eb Siri dhe shprehu shpres\u00ebn se konferenca e shum\u00ebpritur nd\u00ebrkomb\u00ebtare n\u00eb Siri, e njohur si Bisedimet Gjeneva \u2013 2, do t\u00eb sjell\u00eb paqen n\u00eb vendin e shkat\u00ebrruar nga lufta.<\/p>\n<p>      M\u00eb par\u00eb, t\u00eb dy pal\u00ebt diskutuan p\u00ebr zhvillimet n\u00eb rajon dhe marr\u00ebdh\u00ebniet dypal\u00ebshe.<\/p>\n<p>      Ata, gjithashtu, ngrit\u00ebn \u00e7\u00ebshtjen e Irakut, duke shprehur shqet\u00ebsim rreth nj\u00eb shp\u00ebrthimit t\u00eb dhun\u00ebs n\u00eb provinc\u00ebn per\u00ebndimore Anbar, ku forcat e siguris\u00eb po luftojn\u00eb militant\u00ebt e el -Kaidas &#8211; gjat\u00eb dit\u00ebve t\u00eb fundit.<\/p>\n<p>     Muhammed Xhevad  Zarif shprehu shpres\u00ebn se qeveria e Irakut do t\u00eb hap\u00eb rrug\u00ebn p\u00ebr zgjedhjet e ardhshme parlamentare dhe t\u00eb krijoj\u00eb nj\u00eb qeveri q\u00eb do t\u00eb siguronte paqen n\u00eb vend.<\/p>\n<p>     Ai e p\u00ebrshkroi Iranin dhe Turqin\u00eb si lojtar\u00ebt ky\u00e7 n\u00eb Lindjen e Mesme, duke k\u00ebmb\u00ebngulur se marr\u00ebdh\u00ebniet dypal\u00ebshe midis dy fqinj\u00ebve nuk duhet t\u00eb ndikohen nga nd\u00ebrhyrjet e huaja.<\/p>\n<p>      Zarif tha se shum\u00eb marr\u00ebveshje bilaterale do t\u00eb finalizohen gjat\u00eb vizit\u00ebs s\u00eb presidentit t\u00eb Iranit n\u00eb Turqi.<\/p>\n<p>     N\u00eb or\u00ebt e paradit\u00ebs, Zarif  bisedoi shtruar edhe me kryeministrin turk Rexhep Tajip Erdogan.<\/p>\n","protected":false},"excerpt":{"rendered":"<p>Irani dhe Turqia diskutojn\u00eb kriz\u00ebn n\u00eb Siri dhe p\u00ebrleshjet e vazhdueshme n\u00eb Irakun per\u00ebndimor, duke b\u00ebr\u00eb thirrje p\u00ebr dh\u00ebnien fund t\u00eb dhun\u00ebs n\u00eb vendet fqinje arabe. Sipas Press TV, Ministri i Jasht\u00ebm i Iranit Muhammed Xhevad Zarif tha t\u00eb shtun\u00ebn, m\u00eb 4 janar 2014, n\u00eb Teheran se po punon me Turqin\u00eb p\u00ebr t\u00eb zgjidhur dallimet [&hellip;]<\/p>\n","protected":false},"author":1,"featured_media":62011,"comment_status":"open","ping_status":"open","sticky":false,"template":"","format":"standard","meta":{"footnotes":""},"categories":[1],"tags":[3389,3388,310],"class_list":["post-4647","post","type-post","status-publish","format-standard","has-post-thumbnail","hentry","category-lajme","tag-irani","tag-lindja-e-mesme","tag-turqia"],"_links":{"self":[{"href":"https:\/\/prizrenpost.com\/al\/wp-json\/wp\/v2\/posts\/4647","targetHints":{"allow":["GET"]}}],"collection":[{"href":"https:\/\/prizrenpost.com\/al\/wp-json\/wp\/v2\/posts"}],"about":[{"href":"https:\/\/prizrenpost.com\/al\/wp-json\/wp\/v2\/types\/post"}],"author":[{"embeddable":true,"href":"https:\/\/prizrenpost.com\/al\/wp-json\/wp\/v2\/users\/1"}],"replies":[{"embeddable":true,"href":"https:\/\/prizrenpost.com\/al\/wp-json\/wp\/v2\/comments?post=4647"}],"version-history":[{"count":1,"href":"https:\/\/prizrenpost.com\/al\/wp-json\/wp\/v2\/posts\/4647\/revisions"}],"predecessor-version":[{"id":62012,"href":"https:\/\/prizrenpost.com\/al\/wp-json\/wp\/v2\/posts\/4647\/revisions\/62012"}],"wp:featuredmedia":[{"embeddable":true,"href":"https:\/\/prizrenpost.com\/al\/wp-json\/wp\/v2\/media\/62011"}],"wp:attachment":[{"href":"https:\/\/prizrenpost.com\/al\/wp-json\/wp\/v2\/media?parent=4647"}],"wp:term":[{"taxonomy":"category","embeddable":true,"href":"https:\/\/prizrenpost.com\/al\/wp-json\/wp\/v2\/categories?post=4647"},{"taxonomy":"post_tag","embeddable":true,"href":"https:\/\/prizrenpost.com\/al\/wp-json\/wp\/v2\/tags?post=4647"}],"curies":[{"name":"wp","href":"https:\/\/api.w.org\/{rel}","templated":true}]}}