{"id":46507,"date":"2018-09-09T11:01:12","date_gmt":"2018-09-09T09:01:12","guid":{"rendered":"https:\/\/prizrenpost.com\/al\/?p=46507"},"modified":"2018-09-09T11:01:12","modified_gmt":"2018-09-09T09:01:12","slug":"polica-e-kosoves-e-ndalon-vuciqin-te-shkoje-ne-drenice","status":"publish","type":"post","link":"https:\/\/prizrenpost.com\/al\/polica-e-kosoves-e-ndalon-vuciqin-te-shkoje-ne-drenice\/","title":{"rendered":"Polica e Kosov\u00ebs e ndalon Vu\u00e7iqin t\u00eb shkoj\u00eb n\u00eb Drenic\u00eb"},"content":{"rendered":"<p><img decoding=\"async\" src=\"https:\/\/prizrenpost.com\/al\/wp-content\/uploads\/2018\/09\/policia-780x439.jpg\" alt=\"\" width=\"100%\" height=\"\" class=\"alignleft size-full wp-image-46508\" srcset=\"https:\/\/prizrenpost.com\/al\/wp-content\/uploads\/2018\/09\/policia-780x439.jpg 780w, https:\/\/prizrenpost.com\/al\/wp-content\/uploads\/2018\/09\/policia-780x439-300x169.jpg 300w, https:\/\/prizrenpost.com\/al\/wp-content\/uploads\/2018\/09\/policia-780x439-768x432.jpg 768w\" sizes=\"(max-width: 780px) 100vw, 780px\" \/><\/p>\n<p><strong>Skenderaj &#8211; Presidenti serb Aleksandar Vu\u00e7iq, pavar\u00ebsisht ndales\u00ebs nga kryeministri Ramush Haradinaj, \u00ebsht\u00eb nisur n\u00eb drejtim t\u00eb Drenic\u00ebs p\u00ebr t\u00eb vizituar fshatin Banj\u00eb t\u00eb Skenderajt, por \u00ebsht\u00eb kthyer mbrapsht nga Policia e Kosov\u00ebs.<\/strong><\/p>\n<p>Si\u00e7 raportojn\u00eb mediat serbe, Policia e Kosov\u00ebs e ka ndaluar automjetin n\u00eb t\u00eb cilin \u00ebsht\u00eb presidenti Vu\u00e7iq duke ia ndaluar t\u00eb shkoj\u00eb n\u00eb Banj\u00eb, p\u00ebrcjell Telegrafi.<\/p>\n<p>Gazeta serbe Novosti shkruan se presidenti Vu\u00e7iq \u00ebsht\u00eb duke biseduar me polic\u00ebt, p\u00ebr t\u00eb provuar t\u00eb vazhdoj\u00eb rrug\u00ebn.<\/p>\n<p>Pasi policia nuk i ka garantuar siguri n\u00eb rrug\u00ebn akternative p\u00ebr fshatin Banj\u00eb, presidenti Vu\u00e7iq \u00ebsht\u00eb kthyer s\u00ebrish n\u00eb veri t\u00eb Mitrovic\u00ebs.<\/p>\n<p>Pavar\u00ebsisht vendimit t\u00eb kryeministrit t\u00eb Kosov\u00ebs, Ramush Haradinaj, q\u00eb t\u2019i revokoj\u00eb lejen presidentit serb q\u00eb t\u00eb vizitoj\u00eb fshatin Banj\u00eb t\u00eb Skenderajt, Vu\u00e7iq ka vendosur t\u00eb provoj\u00eb t\u00eb shkoj\u00eb atje.<\/p>\n","protected":false},"excerpt":{"rendered":"<p>Skenderaj &#8211; Presidenti serb Aleksandar Vu\u00e7iq, pavar\u00ebsisht ndales\u00ebs nga kryeministri Ramush Haradinaj, \u00ebsht\u00eb nisur n\u00eb drejtim t\u00eb Drenic\u00ebs p\u00ebr t\u00eb vizituar fshatin Banj\u00eb t\u00eb Skenderajt, por \u00ebsht\u00eb kthyer mbrapsht nga Policia e Kosov\u00ebs. Si\u00e7 raportojn\u00eb mediat serbe, Policia e Kosov\u00ebs e ka ndaluar automjetin n\u00eb t\u00eb cilin \u00ebsht\u00eb presidenti Vu\u00e7iq duke ia ndaluar t\u00eb shkoj\u00eb [&hellip;]<\/p>\n","protected":false},"author":1,"featured_media":46508,"comment_status":"open","ping_status":"open","sticky":false,"template":"","format":"standard","meta":{"footnotes":""},"categories":[1],"tags":[3803,1159,287,799],"class_list":["post-46507","post","type-post","status-publish","format-standard","has-post-thumbnail","hentry","category-lajme","tag-aktuale","tag-aleksandar-vucic","tag-kosova","tag-serbia"],"_links":{"self":[{"href":"https:\/\/prizrenpost.com\/al\/wp-json\/wp\/v2\/posts\/46507","targetHints":{"allow":["GET"]}}],"collection":[{"href":"https:\/\/prizrenpost.com\/al\/wp-json\/wp\/v2\/posts"}],"about":[{"href":"https:\/\/prizrenpost.com\/al\/wp-json\/wp\/v2\/types\/post"}],"author":[{"embeddable":true,"href":"https:\/\/prizrenpost.com\/al\/wp-json\/wp\/v2\/users\/1"}],"replies":[{"embeddable":true,"href":"https:\/\/prizrenpost.com\/al\/wp-json\/wp\/v2\/comments?post=46507"}],"version-history":[{"count":0,"href":"https:\/\/prizrenpost.com\/al\/wp-json\/wp\/v2\/posts\/46507\/revisions"}],"wp:featuredmedia":[{"embeddable":true,"href":"https:\/\/prizrenpost.com\/al\/wp-json\/wp\/v2\/media\/46508"}],"wp:attachment":[{"href":"https:\/\/prizrenpost.com\/al\/wp-json\/wp\/v2\/media?parent=46507"}],"wp:term":[{"taxonomy":"category","embeddable":true,"href":"https:\/\/prizrenpost.com\/al\/wp-json\/wp\/v2\/categories?post=46507"},{"taxonomy":"post_tag","embeddable":true,"href":"https:\/\/prizrenpost.com\/al\/wp-json\/wp\/v2\/tags?post=46507"}],"curies":[{"name":"wp","href":"https:\/\/api.w.org\/{rel}","templated":true}]}}