{"id":46541,"date":"2018-09-11T09:09:40","date_gmt":"2018-09-11T07:09:40","guid":{"rendered":"https:\/\/prizrenpost.com\/al\/?p=46541"},"modified":"2018-09-11T09:10:54","modified_gmt":"2018-09-11T07:10:54","slug":"vucic-i-hodhi-benzine-zjarrit-reagoi-thaci-por-edhe-be","status":"publish","type":"post","link":"https:\/\/prizrenpost.com\/al\/vucic-i-hodhi-benzine-zjarrit-reagoi-thaci-por-edhe-be\/","title":{"rendered":"Vu\u00e7i\u00e7 i hodhi \u201cbenzin\u00eb zjarrit\u201d, reagoi Tha\u00e7i, por edhe BE"},"content":{"rendered":"<p><img decoding=\"async\" src=\"https:\/\/prizrenpost.com\/al\/wp-content\/uploads\/2018\/09\/vucic.jpg\" alt=\"\" width=\"100%\" height=\"\" class=\"alignleft size-full wp-image-46542\" srcset=\"https:\/\/prizrenpost.com\/al\/wp-content\/uploads\/2018\/09\/vucic.jpg 884w, https:\/\/prizrenpost.com\/al\/wp-content\/uploads\/2018\/09\/vucic-300x180.jpg 300w, https:\/\/prizrenpost.com\/al\/wp-content\/uploads\/2018\/09\/vucic-768x460.jpg 768w\" sizes=\"(max-width: 884px) 100vw, 884px\" \/><\/p>\n<p><strong>Prishtin\u00eb &#8211; Dy dit\u00eb m\u00eb par\u00eb presidenti serb, Aleksandar Vu\u00e7i\u00e7 gjat\u00eb vizit\u00ebs n\u00eb Kosov\u00eb e cil\u00ebsoi si nj\u00eb \u201cudh\u00ebheq\u00ebs t\u00eb madh\u201d ish presidentin serb, Sllobodan Milloshevi\u00e7, i cili vdiq n\u00eb Hag\u00eb n\u00eb vitin 2006 derisa po gjykohej p\u00ebr krime lufte dhe gjenocid n\u00eb ish-Jugosllavi.<\/strong><\/p>\n<p>Lart\u00ebsimi i figur\u00ebs s\u00eb Milloshevi\u00e7 nuk u prit aspak mir\u00eb n\u00eb Kosov\u00eb, por as n\u00eb aren\u00ebn nd\u00ebrkomb\u00ebtare.<\/p>\n<p>Presidentit serb, tha se pararend\u00ebsi i tij, n\u00eb qeverin\u00eb e t\u00eb cilit ai ishte minist\u00ebr i informacionit gjat\u00eb luft\u00ebs n\u00eb Kosov\u00eb, \u201cq\u00ebllimet, gjithsesi i ka pasur m\u00eb t\u00eb mirat, por rezultatet i kemi pasur mjaft t\u00eb k\u00ebqija\u201d.<\/p>\n<p>Ta pakumptimt\u00eb e ka cil\u00ebsuar Presidenti i Kosov\u00ebs, Hashim Tha\u00e7i, deklarat\u00ebn e homologut t\u00eb tij serb, teksa ka theksuar fjalimi i Vu\u00e7i\u00e7it p\u00ebr pajtim, mir\u00ebkuptim dhe domosdoshm\u00ebrin\u00eb e nj\u00eb marr\u00ebveshjeje me shqiptar\u00ebt nuk shkon me nj\u00eb tregim p\u00ebr kasapin e Ballkanit, p\u00ebrgjegj\u00ebs p\u00ebr gjenocid n\u00eb Kosov\u00eb, Bosnj\u00eb e Hercegovin\u00eb dhe Slloveni.<\/p>\n<p>\u201cK\u00ebto dyja nuk shkojn\u00eb bashk\u00eb. Lart\u00ebsimi i figur\u00ebs s\u00eb xhelatit ballkanik Milloshevi\u00e7 dhe gjeneral\u00ebve t\u00eb tij dhe thirrja p\u00ebr paqe, mir\u00ebkuptim, fqinj\u00ebsi dhe marr\u00ebveshje nuk shkojn\u00eb paralelisht. Kjo \u00ebsht\u00eb arsyeja pse un\u00eb mendoj se ishte nj\u00eb q\u00ebndrim i gabuar, i panevojsh\u00ebm dhe nuk ndihmon n\u00eb nj\u00eb atmosfer\u00eb m\u00eb t\u00eb mir\u00eb t\u00eb dialogut dhe negociatave\u201d, u shpreh Tha\u00e7i n\u00eb nj\u00eb konferenc\u00eb t\u00eb p\u00ebrbashk\u00ebt me politikan\u00eb shqiptar\u00eb nga Lugina e Preshev\u00ebs, me t\u00eb cil\u00ebt sot u takua n\u00eb Prishtin\u00eb.<\/p>\n<p>Nd\u00ebrkoh\u00eb q\u00eb Bashkimi Evropian, e b\u00ebri t\u00eb qart\u00eb se \u201cripajtimi, normalizimi dhe marr\u00ebdh\u00ebniet e fqinj\u00ebsis\u00eb s\u00eb mir\u00eb jan\u00eb t\u00eb mundshme n\u00ebse politikat e s\u00eb kaluar\u00ebs q\u00eb i kan\u00eb sjell\u00eb shum\u00eb vuajtje e mjerim Ballkanit Per\u00ebndimore, hidhen posht\u00eb dhe tejkalohen\u201d.<\/p>\n<p>T\u00eb h\u00ebn\u00ebn, Maja Kocijan\u00e7i\u00e7, z\u00ebdh\u00ebn\u00ebse e shefes s\u00eb politik\u00ebs s\u00eb jashtme t\u00eb Bashkimit Evropian, Federica Mogherini u shpreh se: \u201cnuk guxon t\u00eb lihet hap\u00ebsir\u00eb p\u00ebr dykuptim\u00ebsi apo lavd\u00ebrim t\u00eb atyre q\u00eb kan\u00eb mb\u00ebshtetur politik\u00ebn dhe veprimet e tij. Vendimet e gjykatave vendase dhe nd\u00ebrkomb\u00ebtare n\u00eb k\u00ebt\u00eb drejtim jan\u00eb shum\u00eb t\u00eb qarta\u201d.<\/p>\n<p>M\u00eb tej ajo thekson se ripajtimi dhe fqinj\u00ebsia e mir\u00eb jan\u00eb vlera p\u00ebr t\u00eb cilat angazhohet Bashkimi Evropian dhe vendet e rajonit duhet t\u00eb mb\u00ebshtesin k\u00ebto parime, njofton TCH.<\/p>\n","protected":false},"excerpt":{"rendered":"<p>Prishtin\u00eb &#8211; Dy dit\u00eb m\u00eb par\u00eb presidenti serb, Aleksandar Vu\u00e7i\u00e7 gjat\u00eb vizit\u00ebs n\u00eb Kosov\u00eb e cil\u00ebsoi si nj\u00eb \u201cudh\u00ebheq\u00ebs t\u00eb madh\u201d ish presidentin serb, Sllobodan Milloshevi\u00e7, i cili vdiq n\u00eb Hag\u00eb n\u00eb vitin 2006 derisa po gjykohej p\u00ebr krime lufte dhe gjenocid n\u00eb ish-Jugosllavi. Lart\u00ebsimi i figur\u00ebs s\u00eb Milloshevi\u00e7 nuk u prit aspak mir\u00eb n\u00eb [&hellip;]<\/p>\n","protected":false},"author":1,"featured_media":46542,"comment_status":"open","ping_status":"open","sticky":false,"template":"","format":"standard","meta":{"footnotes":""},"categories":[1],"tags":[3803,1159,1057,862,287,1444,799],"class_list":["post-46541","post","type-post","status-publish","format-standard","has-post-thumbnail","hentry","category-lajme","tag-aktuale","tag-aleksandar-vucic","tag-bashkimi-europian","tag-hashim-thaci","tag-kosova","tag-presidenti","tag-serbia"],"_links":{"self":[{"href":"https:\/\/prizrenpost.com\/al\/wp-json\/wp\/v2\/posts\/46541","targetHints":{"allow":["GET"]}}],"collection":[{"href":"https:\/\/prizrenpost.com\/al\/wp-json\/wp\/v2\/posts"}],"about":[{"href":"https:\/\/prizrenpost.com\/al\/wp-json\/wp\/v2\/types\/post"}],"author":[{"embeddable":true,"href":"https:\/\/prizrenpost.com\/al\/wp-json\/wp\/v2\/users\/1"}],"replies":[{"embeddable":true,"href":"https:\/\/prizrenpost.com\/al\/wp-json\/wp\/v2\/comments?post=46541"}],"version-history":[{"count":0,"href":"https:\/\/prizrenpost.com\/al\/wp-json\/wp\/v2\/posts\/46541\/revisions"}],"wp:featuredmedia":[{"embeddable":true,"href":"https:\/\/prizrenpost.com\/al\/wp-json\/wp\/v2\/media\/46542"}],"wp:attachment":[{"href":"https:\/\/prizrenpost.com\/al\/wp-json\/wp\/v2\/media?parent=46541"}],"wp:term":[{"taxonomy":"category","embeddable":true,"href":"https:\/\/prizrenpost.com\/al\/wp-json\/wp\/v2\/categories?post=46541"},{"taxonomy":"post_tag","embeddable":true,"href":"https:\/\/prizrenpost.com\/al\/wp-json\/wp\/v2\/tags?post=46541"}],"curies":[{"name":"wp","href":"https:\/\/api.w.org\/{rel}","templated":true}]}}