{"id":46554,"date":"2018-09-12T16:47:20","date_gmt":"2018-09-12T14:47:20","guid":{"rendered":"https:\/\/prizrenpost.com\/al\/?p=46554"},"modified":"2018-09-12T16:48:44","modified_gmt":"2018-09-12T14:48:44","slug":"serbise-dhe-kosoves-duhet-tu-jepet-hapesire-per-te-arritur-marreveshjen-me-te-mire-te-mundshme","status":"publish","type":"post","link":"https:\/\/prizrenpost.com\/al\/serbise-dhe-kosoves-duhet-tu-jepet-hapesire-per-te-arritur-marreveshjen-me-te-mire-te-mundshme\/","title":{"rendered":"Serbis\u00eb dhe Kosov\u00ebs duhet t\u2019u jepet hap\u00ebsir\u00eb p\u00ebr t\u00eb arritur marr\u00ebveshjen m\u00eb t\u00eb mir\u00eb t\u00eb mundshme"},"content":{"rendered":"<p><img decoding=\"async\" src=\"https:\/\/prizrenpost.com\/al\/wp-content\/uploads\/2018\/09\/DSC_0145_1_optimized-e1536757569101-780x439.jpg\" alt=\"\" width=\"100%\" height=\"\" class=\"alignleft size-full wp-image-46555\" srcset=\"https:\/\/prizrenpost.com\/al\/wp-content\/uploads\/2018\/09\/DSC_0145_1_optimized-e1536757569101-780x439.jpg 780w, https:\/\/prizrenpost.com\/al\/wp-content\/uploads\/2018\/09\/DSC_0145_1_optimized-e1536757569101-780x439-300x169.jpg 300w, https:\/\/prizrenpost.com\/al\/wp-content\/uploads\/2018\/09\/DSC_0145_1_optimized-e1536757569101-780x439-768x432.jpg 768w\" sizes=\"(max-width: 780px) 100vw, 780px\" \/><\/p>\n<p><strong>Bled &#8211; Z\u00ebvend\u00ebsi i ndihm\u00ebsit t\u00eb sekretarit amerikan t\u00eb Shtetit, Matthew Palmer, ka dh\u00ebn\u00eb nj\u00eb intervist\u00eb gjat\u00eb Forumit Strategjik t\u00eb Bledit 2018, i cili u zhvillua m\u00eb 10-11 shtator n\u00eb Bled, Slloveni, ku Palmer ishte nj\u00eb nga fol\u00ebsit.<\/strong><\/p>\n<p>N\u00eb intervist\u00ebn e dh\u00ebn\u00eb p\u00ebr portalin Europian Western Balkans, p\u00ebrcjell Telegrafi, Palmer \u00ebsht\u00eb p\u00ebrgjigjur nd\u00ebr tjerash edhe n\u00eb pyetjen n\u00ebse politika e Shteteve t\u00eb Bashkuara n\u00eb Ballkanin Per\u00ebndimor ndryshoi q\u00eb nga koha kur administrata e presidentit Donald Trump mori detyr\u00ebn.<\/p>\n<p>\u201cGjithmon\u00eb ka l\u00ebvizje n\u00eb politik\u00eb, por n\u00eb ekuilib\u00ebr un\u00eb do t\u00eb thosha se vazhdim\u00ebsia \u00ebsht\u00eb m\u00eb e r\u00ebnd\u00ebsishme se \u00e7do dallim. Politika e SHBA-s\u00eb n\u00eb Ballkanin Per\u00ebndimor mbetet e fokusuar dhe e p\u00ebrkushtuar p\u00ebr t\u00eb ndihmuar vendet e Ballkanit Per\u00ebndimor p\u00ebr t\u00eb arritur q\u00ebllimin e tyre, q\u00eb \u00ebsht\u00eb ambicie p\u00ebr tu integruar n\u00eb institucionet evropiane dhe euroatlantike, t\u00eb cilat p\u00ebr t\u00eb gjitha vendet e Ballkanit Per\u00ebndimor p\u00ebrfundimisht n\u00ebnkuptojn\u00eb an\u00ebtar\u00ebsimin n\u00eb Bashkimin Evropian\u201d.<\/p>\n<p>P\u00ebr t\u00eb gjith\u00eb, sipas tij, p\u00ebrve\u00e7 Serbis\u00eb, kjo do t\u00eb thot\u00eb edhe an\u00ebtar\u00ebsimi n\u00eb NATO dhe n\u00eb k\u00ebt\u00eb drejtim SHBA d\u00ebshiron t\u00eb promovoj\u00eb partneritetin m\u00eb t\u00eb af\u00ebrt t\u00eb mundsh\u00ebm midis NATO-s dhe Serbis\u00eb.<\/p>\n<p>\u201cNe kemi punuar p\u00ebr k\u00ebt\u00eb q\u00ebllim p\u00ebr shum\u00eb vite p\u00ebrmes administratave t\u00eb shum\u00ebfishta. Kjo mbetet q\u00ebllimi kryesor strategjik dhe objektivi i politik\u00ebs amerikane\u201d, ka th\u00ebn\u00eb Palmer.<\/p>\n","protected":false},"excerpt":{"rendered":"<p>Bled &#8211; Z\u00ebvend\u00ebsi i ndihm\u00ebsit t\u00eb sekretarit amerikan t\u00eb Shtetit, Matthew Palmer, ka dh\u00ebn\u00eb nj\u00eb intervist\u00eb gjat\u00eb Forumit Strategjik t\u00eb Bledit 2018, i cili u zhvillua m\u00eb 10-11 shtator n\u00eb Bled, Slloveni, ku Palmer ishte nj\u00eb nga fol\u00ebsit. N\u00eb intervist\u00ebn e dh\u00ebn\u00eb p\u00ebr portalin Europian Western Balkans, p\u00ebrcjell Telegrafi, Palmer \u00ebsht\u00eb p\u00ebrgjigjur nd\u00ebr tjerash edhe [&hellip;]<\/p>\n","protected":false},"author":1,"featured_media":46555,"comment_status":"open","ping_status":"open","sticky":false,"template":"","format":"standard","meta":{"footnotes":""},"categories":[1],"tags":[2361,287,4614,799],"class_list":["post-46554","post","type-post","status-publish","format-standard","has-post-thumbnail","hentry","category-lajme","tag-amerika","tag-kosova","tag-metthew-palmer","tag-serbia"],"_links":{"self":[{"href":"https:\/\/prizrenpost.com\/al\/wp-json\/wp\/v2\/posts\/46554","targetHints":{"allow":["GET"]}}],"collection":[{"href":"https:\/\/prizrenpost.com\/al\/wp-json\/wp\/v2\/posts"}],"about":[{"href":"https:\/\/prizrenpost.com\/al\/wp-json\/wp\/v2\/types\/post"}],"author":[{"embeddable":true,"href":"https:\/\/prizrenpost.com\/al\/wp-json\/wp\/v2\/users\/1"}],"replies":[{"embeddable":true,"href":"https:\/\/prizrenpost.com\/al\/wp-json\/wp\/v2\/comments?post=46554"}],"version-history":[{"count":0,"href":"https:\/\/prizrenpost.com\/al\/wp-json\/wp\/v2\/posts\/46554\/revisions"}],"wp:featuredmedia":[{"embeddable":true,"href":"https:\/\/prizrenpost.com\/al\/wp-json\/wp\/v2\/media\/46555"}],"wp:attachment":[{"href":"https:\/\/prizrenpost.com\/al\/wp-json\/wp\/v2\/media?parent=46554"}],"wp:term":[{"taxonomy":"category","embeddable":true,"href":"https:\/\/prizrenpost.com\/al\/wp-json\/wp\/v2\/categories?post=46554"},{"taxonomy":"post_tag","embeddable":true,"href":"https:\/\/prizrenpost.com\/al\/wp-json\/wp\/v2\/tags?post=46554"}],"curies":[{"name":"wp","href":"https:\/\/api.w.org\/{rel}","templated":true}]}}