{"id":46569,"date":"2018-09-13T17:24:29","date_gmt":"2018-09-13T15:24:29","guid":{"rendered":"https:\/\/prizrenpost.com\/al\/?p=46569"},"modified":"2018-09-13T17:24:29","modified_gmt":"2018-09-13T15:24:29","slug":"shumices-ne-rajon-i-konvenon-vazhdimi-i-konflikteve-politike-midis-beogradit-dhe-prishtines","status":"publish","type":"post","link":"https:\/\/prizrenpost.com\/al\/shumices-ne-rajon-i-konvenon-vazhdimi-i-konflikteve-politike-midis-beogradit-dhe-prishtines\/","title":{"rendered":"Shumic\u00ebs n\u00eb rajon i konvenon vazhdimi i konflikteve politike midis Beogradit dhe Prishtin\u00ebs"},"content":{"rendered":"<p><img decoding=\"async\" src=\"https:\/\/prizrenpost.com\/al\/wp-content\/uploads\/2018\/09\/vucic-4.jpg\" alt=\"\" width=\"100%\" height=\"\" class=\"alignleft size-full wp-image-46570\" srcset=\"https:\/\/prizrenpost.com\/al\/wp-content\/uploads\/2018\/09\/vucic-4.jpg 500w, https:\/\/prizrenpost.com\/al\/wp-content\/uploads\/2018\/09\/vucic-4-300x200.jpg 300w\" sizes=\"(max-width: 500px) 100vw, 500px\" \/><\/p>\n<p><strong>Beograd &#8211; Presidenti serb Aleksandar Vu\u00e7iq tha sot se shumic\u00ebs n\u00eb rajon i konvenon vazhdimi i konfliktit politik midis serb\u00ebve dhe shqiptar\u00ebve.<\/strong><\/p>\n<p>\u201cAta thon\u00eb se duan q\u00eb t\u00eb gjith\u00eb t\u00eb p\u00ebrparojn\u00eb, p\u00ebrve\u00e7 serb\u00ebve dhe shqiptar\u00ebve, dhe disave nuk i p\u00eblqen fuqia e Serbis\u00eb\u201d, tha ai.<\/p>\n<p>Kreu i shtetit serb ka shtuar se ka luftuar p\u00ebr pes\u00eb vjet p\u00ebr t\u00eb ndryshuar aksiom\u00ebn se Kosova \u00ebsht\u00eb e pavarur dhe se Serbia nuk ka asgj\u00eb p\u00ebr t\u00eb k\u00ebrkuar n\u00eb negociata, por kjo nuk do t\u00eb thot\u00eb se do t\u00eb arrihet nj\u00eb marr\u00ebveshje.<\/p>\n<p>Vu\u00e7iq e tha k\u00ebt\u00eb kur u pyet n\u00ebse forcat globale, t\u00eb cilat i dhan\u00eb hap\u00ebsir\u00eb Beogradit dhe Prishtin\u00ebs p\u00ebr t\u2019u pajtuar, \u201cdo t\u00eb duhet ta mbajn\u00eb k\u00ebt\u00eb mund\u00ebsi n\u00eb tryez\u00eb\u201d dhe kush \u00ebsht\u00eb m\u00eb p\u00ebrgjegj\u00ebs p\u00ebr mosmarr\u00ebveshjen, transmeton Klan Kosova.<\/p>\n","protected":false},"excerpt":{"rendered":"<p>Beograd &#8211; Presidenti serb Aleksandar Vu\u00e7iq tha sot se shumic\u00ebs n\u00eb rajon i konvenon vazhdimi i konfliktit politik midis serb\u00ebve dhe shqiptar\u00ebve. \u201cAta thon\u00eb se duan q\u00eb t\u00eb gjith\u00eb t\u00eb p\u00ebrparojn\u00eb, p\u00ebrve\u00e7 serb\u00ebve dhe shqiptar\u00ebve, dhe disave nuk i p\u00eblqen fuqia e Serbis\u00eb\u201d, tha ai. Kreu i shtetit serb ka shtuar se ka luftuar p\u00ebr [&hellip;]<\/p>\n","protected":false},"author":1,"featured_media":46570,"comment_status":"open","ping_status":"open","sticky":false,"template":"","format":"standard","meta":{"footnotes":""},"categories":[1],"tags":[3803,1159,287,799],"class_list":["post-46569","post","type-post","status-publish","format-standard","has-post-thumbnail","hentry","category-lajme","tag-aktuale","tag-aleksandar-vucic","tag-kosova","tag-serbia"],"_links":{"self":[{"href":"https:\/\/prizrenpost.com\/al\/wp-json\/wp\/v2\/posts\/46569","targetHints":{"allow":["GET"]}}],"collection":[{"href":"https:\/\/prizrenpost.com\/al\/wp-json\/wp\/v2\/posts"}],"about":[{"href":"https:\/\/prizrenpost.com\/al\/wp-json\/wp\/v2\/types\/post"}],"author":[{"embeddable":true,"href":"https:\/\/prizrenpost.com\/al\/wp-json\/wp\/v2\/users\/1"}],"replies":[{"embeddable":true,"href":"https:\/\/prizrenpost.com\/al\/wp-json\/wp\/v2\/comments?post=46569"}],"version-history":[{"count":0,"href":"https:\/\/prizrenpost.com\/al\/wp-json\/wp\/v2\/posts\/46569\/revisions"}],"wp:featuredmedia":[{"embeddable":true,"href":"https:\/\/prizrenpost.com\/al\/wp-json\/wp\/v2\/media\/46570"}],"wp:attachment":[{"href":"https:\/\/prizrenpost.com\/al\/wp-json\/wp\/v2\/media?parent=46569"}],"wp:term":[{"taxonomy":"category","embeddable":true,"href":"https:\/\/prizrenpost.com\/al\/wp-json\/wp\/v2\/categories?post=46569"},{"taxonomy":"post_tag","embeddable":true,"href":"https:\/\/prizrenpost.com\/al\/wp-json\/wp\/v2\/tags?post=46569"}],"curies":[{"name":"wp","href":"https:\/\/api.w.org\/{rel}","templated":true}]}}