{"id":46605,"date":"2018-09-17T10:05:17","date_gmt":"2018-09-17T08:05:17","guid":{"rendered":"https:\/\/prizrenpost.com\/al\/?p=46605"},"modified":"2018-09-17T10:05:17","modified_gmt":"2018-09-17T08:05:17","slug":"ovl-e-dukagjinit-aktakuzen-per-veteranet-e-rrejshem-e-quan-cirk","status":"publish","type":"post","link":"https:\/\/prizrenpost.com\/al\/ovl-e-dukagjinit-aktakuzen-per-veteranet-e-rrejshem-e-quan-cirk\/","title":{"rendered":"OVL e Dukagjinit, aktakuz\u00ebn p\u00ebr \u201cveteran\u00ebt e rrejsh\u00ebm\u201d e quan cirk"},"content":{"rendered":"<p><img decoding=\"async\" src=\"https:\/\/prizrenpost.com\/al\/wp-content\/uploads\/2018\/09\/veteranet-e-dukagjinit.jpg\" alt=\"\" width=\"100%\" height=\"\" class=\"alignleft size-full wp-image-46606\" srcset=\"https:\/\/prizrenpost.com\/al\/wp-content\/uploads\/2018\/09\/veteranet-e-dukagjinit.jpg 780w, https:\/\/prizrenpost.com\/al\/wp-content\/uploads\/2018\/09\/veteranet-e-dukagjinit-300x169.jpg 300w, https:\/\/prizrenpost.com\/al\/wp-content\/uploads\/2018\/09\/veteranet-e-dukagjinit-768x432.jpg 768w\" sizes=\"(max-width: 780px) 100vw, 780px\" \/><\/p>\n<p><strong>Pej\u00eb  &#8211; Organizata e Veteran\u00ebve t\u00eb Luft\u00ebs s\u00eb U\u00c7K-s\u00eb, deg\u00ebt e Dukagjinit: De\u00e7an, Pej\u00eb, Gjakov\u00eb, Istog, p\u00ebrmes nj\u00eb reagimi kan\u00eb th\u00ebn\u00eb se edhe 19 vite pas p\u00ebrfundimit t\u00eb luft\u00ebs, luft\u00ebtar\u00ebve t\u00eb liris\u00eb assesi nuk po iu ndalet persekutimi.<\/strong><\/p>\n<p>Kjo sipas tyre ka t\u00eb b\u00ebj\u00eb edhe me rastin e fundit t\u00eb publikimit t\u00eb emrave t\u00eb \u201cveteran\u00ebve t\u00eb rrejsh\u00ebm\u201d, aktakuz\u00eb e cila sipas tyre tregon se sa qesharake dhe jo profesionale \u00ebsht\u00eb puna e prokuroris\u00eb.<\/p>\n<p>\u201cE gjithashtu sa joprofesionale dhe tendencioze \u00ebsht\u00eb paraqitja e gjith\u00eb k\u00ebsaj nga mediat elektronike e t\u00eb shkruara\u201d, thuhet n\u00eb reagimin e OVL t\u00eb U\u00c7K-s\u00eb s\u00eb Dukagjinit.<\/p>\n<p>M\u00eb posht\u00eb ua sjellim reagimin e plot\u00eb:<\/p>\n<p><strong>REAGIM<\/strong><\/p>\n<p>Organizata e Veteran\u00ebve t\u00eb Luft\u00ebs s\u00eb U\u00c7K-s\u00eb, deg\u00ebt e Dukagjinit: De\u00e7an, Pej\u00eb, Gjakov\u00eb, Istog<\/p>\n<p>Edhe 19 vite pas p\u00ebrfundimit t\u00eb luft\u00ebs, neve luft\u00ebtar\u00ebve t\u00eb liris\u00eb assesi t\u00eb na ndalet persekutimi. Gjahu i shtrigave, q\u00eb filloi menj\u00ebher\u00eb pas luft\u00ebs nga misionet nd\u00ebrkomb\u00ebtare, tani po vazhdon nga faktor\u00ebt vendor\u00eb: Prokuroria Speciale e Kosov\u00ebs dhe mediat.<\/p>\n<p>Aktakuz\u00ebn dhe emrat q\u00eb u publikuan, tregojn\u00eb se sa qesharake e joprofesionale \u00ebsht\u00eb puna e Prokuroris\u00eb, e gjithashtu sa joprofesionale dhe tendencioze \u00ebsht\u00eb paraqitja e gjith\u00ebk\u00ebsajnga mediat elektronike e t\u00eb shkruara.<\/p>\n<p>Sa i p\u00ebrket ZO t\u00eb Dukagjinit, p\u00ebrfshirja n\u00eb list\u00eb e pothuajse shumic\u00ebs s\u00eb luft\u00ebtar\u00ebve m\u00eb t\u00eb dalluar, tregon se kjo list\u00eb \u00ebsht\u00eb vet\u00ebm nj\u00eb fabrikim, n\u00eb vazhd\u00ebn e luft\u00ebs speciale kund\u00ebr Ushtris\u00eb \u00c7lirimtare t\u00eb Kosov\u00ebs.<\/p>\n<p>Pa asnj\u00eb fije turpi, duke mos shikuar se a l\u00ebndojn\u00eb ndjenjat e luft\u00ebtar\u00ebve, paraqitja n\u00eb disa media e veteran\u00ebve t\u00eb luft\u00ebs, q\u00eb sakrifikuan m\u00eb s\u00eb shumti p\u00ebr lirin\u00eb ton\u00eb, si \u201cveteran mashtrues\u201d, p\u00ebrpos q\u00eb \u00ebsht\u00eb manipulim me qytetar\u00ebt, \u00ebsht\u00eb ofendimi m\u00eb i r\u00ebnd\u00eb p\u00ebr t\u00eb gjith\u00eb luft\u00ebtar\u00ebt e Ushtris\u00eb \u00c7lirimtare t\u00eb Kosov\u00ebs, t\u00eb cil\u00ebt me aktivitetin e tyre, mund\u00ebsuan krijimin e shtetit demokratik dhe lirin\u00eb e shprehjes.<br \/>\nJemi shokuar, kur kemi par\u00eb q\u00eb informacione t\u00eb tilla, t\u00eb supozuara e fabrikuara, shnd\u00ebrroheshin n\u00eb shifra se gjoja luft\u00ebtar\u00ebt e paskan d\u00ebmtuar buxhetin e shtetit.<\/p>\n<p>Nga e t\u00ebr\u00eb kjo, konstatojm\u00eb se kjo aktakuz\u00eb dhe m\u00ebnyra e paraqitjes s\u00eb saj n\u00eb opinion \u00ebsht\u00eb vet\u00ebm nj\u00eb cirk, t\u00eb cilit do t\u2019i p\u00ebrgjigjemi me mij\u00ebra padi, si p\u00ebr ish prokurorin, ashtu edhe p\u00ebr disa media q\u00eb l\u00ebnduan ndjenjat tona dhe luajt\u00ebn me dinjitetin e integritetin ton\u00eb si luft\u00ebtar\u00eb.<\/p>\n<p>Lufta \u00c7lirimtare dhe largimi me pushk\u00eb i okupatorit, \u00ebsht\u00eb e arritura jon\u00eb jet\u00ebsore. Ne k\u00ebrkojm\u00eb urgjentisht, q\u00eb Ligji p\u00ebr Mbrojtjen e Vlerave t\u00eb Luft\u00ebs, t\u00eb kaloj\u00eb sa m\u00eb shpejt n\u00eb Parlamentin e Kosov\u00ebs, q\u00eb k\u00ebto dukuri t\u00eb mos shfaqen m\u00eb n\u00eb t\u00eb ardhmen.<\/p>\n<p>Edhe nj\u00ebher\u00eb k\u00ebrkojn\u00eb ndaljen e k\u00ebsaj tendence t\u00eb rrezikshme e antihistorike kund\u00ebr Luft\u00ebs \u00c7lirimtare, pasi q\u00eb pasojat mund t\u00eb jen\u00eb t\u00eb paparashikueshme.<\/p>\n<p>OVL U\u00c7K<\/p>\n<p>Deg\u00ebt: De\u00e7an, Pej\u00eb, Gjakov\u00eb dhe Istog<\/p>\n<p>17 shtator 2018<\/p>\n","protected":false},"excerpt":{"rendered":"<p>Pej\u00eb &#8211; Organizata e Veteran\u00ebve t\u00eb Luft\u00ebs s\u00eb U\u00c7K-s\u00eb, deg\u00ebt e Dukagjinit: De\u00e7an, Pej\u00eb, Gjakov\u00eb, Istog, p\u00ebrmes nj\u00eb reagimi kan\u00eb th\u00ebn\u00eb se edhe 19 vite pas p\u00ebrfundimit t\u00eb luft\u00ebs, luft\u00ebtar\u00ebve t\u00eb liris\u00eb assesi nuk po iu ndalet persekutimi. Kjo sipas tyre ka t\u00eb b\u00ebj\u00eb edhe me rastin e fundit t\u00eb publikimit t\u00eb emrave t\u00eb \u201cveteran\u00ebve [&hellip;]<\/p>\n","protected":false},"author":1,"featured_media":46606,"comment_status":"open","ping_status":"open","sticky":false,"template":"","format":"standard","meta":{"footnotes":""},"categories":[1],"tags":[3803,48,1854,36,722],"class_list":["post-46605","post","type-post","status-publish","format-standard","has-post-thumbnail","hentry","category-lajme","tag-aktuale","tag-kosove","tag-ovl","tag-uck","tag-veteranet"],"_links":{"self":[{"href":"https:\/\/prizrenpost.com\/al\/wp-json\/wp\/v2\/posts\/46605","targetHints":{"allow":["GET"]}}],"collection":[{"href":"https:\/\/prizrenpost.com\/al\/wp-json\/wp\/v2\/posts"}],"about":[{"href":"https:\/\/prizrenpost.com\/al\/wp-json\/wp\/v2\/types\/post"}],"author":[{"embeddable":true,"href":"https:\/\/prizrenpost.com\/al\/wp-json\/wp\/v2\/users\/1"}],"replies":[{"embeddable":true,"href":"https:\/\/prizrenpost.com\/al\/wp-json\/wp\/v2\/comments?post=46605"}],"version-history":[{"count":0,"href":"https:\/\/prizrenpost.com\/al\/wp-json\/wp\/v2\/posts\/46605\/revisions"}],"wp:featuredmedia":[{"embeddable":true,"href":"https:\/\/prizrenpost.com\/al\/wp-json\/wp\/v2\/media\/46606"}],"wp:attachment":[{"href":"https:\/\/prizrenpost.com\/al\/wp-json\/wp\/v2\/media?parent=46605"}],"wp:term":[{"taxonomy":"category","embeddable":true,"href":"https:\/\/prizrenpost.com\/al\/wp-json\/wp\/v2\/categories?post=46605"},{"taxonomy":"post_tag","embeddable":true,"href":"https:\/\/prizrenpost.com\/al\/wp-json\/wp\/v2\/tags?post=46605"}],"curies":[{"name":"wp","href":"https:\/\/api.w.org\/{rel}","templated":true}]}}