{"id":46611,"date":"2018-09-17T10:12:43","date_gmt":"2018-09-17T08:12:43","guid":{"rendered":"https:\/\/prizrenpost.com\/al\/?p=46611"},"modified":"2018-09-17T10:12:43","modified_gmt":"2018-09-17T08:12:43","slug":"sekretari-amerikan-i-mbrojtjes-sot-po-e-viziton-shkupin","status":"publish","type":"post","link":"https:\/\/prizrenpost.com\/al\/sekretari-amerikan-i-mbrojtjes-sot-po-e-viziton-shkupin\/","title":{"rendered":"Sekretari amerikan i Mbrojtjes sot po e viziton Shkupin"},"content":{"rendered":"<p><img decoding=\"async\" src=\"https:\/\/prizrenpost.com\/al\/wp-content\/uploads\/2018\/09\/mattis.png\" alt=\"\" width=\"100%\" height=\"\" class=\"alignleft size-full wp-image-46612\" srcset=\"https:\/\/prizrenpost.com\/al\/wp-content\/uploads\/2018\/09\/mattis.png 604w, https:\/\/prizrenpost.com\/al\/wp-content\/uploads\/2018\/09\/mattis-300x166.png 300w\" sizes=\"(max-width: 604px) 100vw, 604px\" \/><\/p>\n<p><strong>Shkup &#8211; Sekretari amerikan i Mbrojtjes, Mattis sot n\u00eb m\u00ebngjes mb\u00ebrriti n\u00eb Aeroportin nd\u00ebrkomb\u00ebtar \u201cShkupi\u201d. Ai u prit nga Ministrja e Mbrojtjes Radmilla Sheqerinska ku m\u00eb pas u nis p\u00ebr n\u00eb selin\u00eb e qeveris\u00eb n\u00eb takim me Kryeministrin Zoran Zaev. Pas takimit \u00ebsht\u00eb parapar\u00eb deklarat\u00eb e p\u00ebrbashk\u00ebt p\u00ebr mediat.<\/strong><\/p>\n<p>Sekretari amerikan i Mbrojtjes, jav\u00ebn e kaluar paralajm\u00ebroi se do t\u00eb vizitoj\u00eb Maqedonin\u00eb q\u00eb t\u00eb shpreh\u00eb mb\u00ebshtetje t\u00eb qart\u00eb p\u00ebr referendumin e ardhsh\u00ebm p\u00ebr \u00e7\u00ebshtjen e emrin, por edhe shqet\u00ebsimin p\u00ebr shkak t\u00eb involvimit t\u00eb mundsh\u00ebm t\u00eb Mosk\u00ebs n\u00eb proces.<\/p>\n<p>\u201cDo t\u00eb shkoj t\u2019i vizitoj miqt\u00eb tan\u00eb t\u00eb Maqedonis\u00eb dhe do ta b\u00ebj t\u00eb qart\u00eb se SHBA-ja e mb\u00ebshtet popullin e Maqedonis\u00eb\u201d, tha ai n\u00eb nj\u00eb deklarat\u00eb p\u00ebr gazetar\u00ebt n\u00eb Pentagon.<\/p>\n<p>Matis theksoi se \u00ebsht\u00eb i brengosur se Rusia mund t\u00eb tentoj\u00eb t\u00eb p\u00ebrzihet n\u00eb procesin e referendumit n\u00eb Maqedoni.<\/p>\n<p>\u201cN\u00ebse keni votim, Moska do t\u00eb p\u00ebrzihet. Un\u00eb jam i shqet\u00ebsuar p\u00ebr k\u00ebt\u00eb. P\u00ebrzierja t\u00eb till\u00eb Rusia ka praktikuar nga Estonia e deri n\u00eb SHBA, nga Ukraina dhe tani deri n\u00eb Maqedoni, gjithmon\u00eb i p\u00ebrshtatet situat\u00ebs konkrete\u201d, tha ai, raporton Alsat-M, transmeton Klan Kosova.<\/p>\n<p>P\u00ebr her\u00eb t\u00eb par\u00eb n\u00eb 14 vitet e fundit nj\u00eb sekretar amerikan i Mbrojtjes ndodhet p\u00ebr vizit\u00eb n\u00eb Maqedoni.<\/p>\n","protected":false},"excerpt":{"rendered":"<p>Shkup &#8211; Sekretari amerikan i Mbrojtjes, Mattis sot n\u00eb m\u00ebngjes mb\u00ebrriti n\u00eb Aeroportin nd\u00ebrkomb\u00ebtar \u201cShkupi\u201d. Ai u prit nga Ministrja e Mbrojtjes Radmilla Sheqerinska ku m\u00eb pas u nis p\u00ebr n\u00eb selin\u00eb e qeveris\u00eb n\u00eb takim me Kryeministrin Zoran Zaev. Pas takimit \u00ebsht\u00eb parapar\u00eb deklarat\u00eb e p\u00ebrbashk\u00ebt p\u00ebr mediat. Sekretari amerikan i Mbrojtjes, jav\u00ebn e [&hellip;]<\/p>\n","protected":false},"author":1,"featured_media":46612,"comment_status":"open","ping_status":"open","sticky":false,"template":"","format":"standard","meta":{"footnotes":""},"categories":[1],"tags":[2361,4619,888],"class_list":["post-46611","post","type-post","status-publish","format-standard","has-post-thumbnail","hentry","category-lajme","tag-amerika","tag-james-mattis","tag-maqedonia"],"_links":{"self":[{"href":"https:\/\/prizrenpost.com\/al\/wp-json\/wp\/v2\/posts\/46611","targetHints":{"allow":["GET"]}}],"collection":[{"href":"https:\/\/prizrenpost.com\/al\/wp-json\/wp\/v2\/posts"}],"about":[{"href":"https:\/\/prizrenpost.com\/al\/wp-json\/wp\/v2\/types\/post"}],"author":[{"embeddable":true,"href":"https:\/\/prizrenpost.com\/al\/wp-json\/wp\/v2\/users\/1"}],"replies":[{"embeddable":true,"href":"https:\/\/prizrenpost.com\/al\/wp-json\/wp\/v2\/comments?post=46611"}],"version-history":[{"count":0,"href":"https:\/\/prizrenpost.com\/al\/wp-json\/wp\/v2\/posts\/46611\/revisions"}],"wp:featuredmedia":[{"embeddable":true,"href":"https:\/\/prizrenpost.com\/al\/wp-json\/wp\/v2\/media\/46612"}],"wp:attachment":[{"href":"https:\/\/prizrenpost.com\/al\/wp-json\/wp\/v2\/media?parent=46611"}],"wp:term":[{"taxonomy":"category","embeddable":true,"href":"https:\/\/prizrenpost.com\/al\/wp-json\/wp\/v2\/categories?post=46611"},{"taxonomy":"post_tag","embeddable":true,"href":"https:\/\/prizrenpost.com\/al\/wp-json\/wp\/v2\/tags?post=46611"}],"curies":[{"name":"wp","href":"https:\/\/api.w.org\/{rel}","templated":true}]}}