{"id":46690,"date":"2018-09-27T11:53:14","date_gmt":"2018-09-27T09:53:14","guid":{"rendered":"https:\/\/prizrenpost.com\/al\/?p=46690"},"modified":"2018-09-27T11:53:50","modified_gmt":"2018-09-27T09:53:50","slug":"kryeprokurori-shala-mban-takim-kunder-dhunes-ne-familje","status":"publish","type":"post","link":"https:\/\/prizrenpost.com\/al\/kryeprokurori-shala-mban-takim-kunder-dhunes-ne-familje\/","title":{"rendered":"Kryeprokurori Shala mban takim kund\u00ebr dhun\u00ebs n\u00eb familje"},"content":{"rendered":"<p><img decoding=\"async\" src=\"https:\/\/prizrenpost.com\/al\/wp-content\/uploads\/2018\/09\/D42FEB22-6DC0-436F-95B6-D7AE591BFD43.jpeg\" alt=\"\" width=\"100%\" height=\"\" class=\"alignleft size-full wp-image-46691\" srcset=\"https:\/\/prizrenpost.com\/al\/wp-content\/uploads\/2018\/09\/D42FEB22-6DC0-436F-95B6-D7AE591BFD43.jpeg 1280w, https:\/\/prizrenpost.com\/al\/wp-content\/uploads\/2018\/09\/D42FEB22-6DC0-436F-95B6-D7AE591BFD43-300x169.jpeg 300w, https:\/\/prizrenpost.com\/al\/wp-content\/uploads\/2018\/09\/D42FEB22-6DC0-436F-95B6-D7AE591BFD43-768x432.jpeg 768w, https:\/\/prizrenpost.com\/al\/wp-content\/uploads\/2018\/09\/D42FEB22-6DC0-436F-95B6-D7AE591BFD43-1024x576.jpeg 1024w\" sizes=\"(max-width: 1280px) 100vw, 1280px\" \/><\/p>\n<p><strong>Prizen &#8211; Kryeprokurori i Prokuroris\u00eb Themelore n\u00eb Prizren, Admir Shala, ka organizuar nj\u00eb takim p\u00ebr t\u00eb trajtuar tem\u00ebn e dhun\u00ebs n\u00eb familje.<\/strong><\/p>\n<p>N\u00eb k\u00ebt\u00eb takim ishin t\u00eb pranish\u00ebm prokuror\u00eb p\u00ebrgjegj\u00ebs p\u00ebr rastet e dhun\u00ebs n\u00eb familje, p\u00ebrfaq\u00ebsues nga Policia e Kosov\u00ebs p\u00ebr rajonin e Prizrenit, gjykat\u00ebs, mbrojt\u00ebs t\u00eb viktimave, p\u00ebrfaq\u00ebsues nga Qendra p\u00ebr Pun\u00eb Sociale, Strehimorja, Zyra p\u00ebr Ndihm\u00eb Juridike Falas si dhe zyrtar\u00eb nga Sh\u00ebrbimi Sprovues, njofton Klan Kosova.<\/p>\n<p>Kryeprokurori Shala k\u00ebrkoi nga t\u00eb pranishmit bashk\u00ebpunim n\u00eb trajtimin e rasteve t\u00eb tilla, t\u2019i ken\u00eb n\u00eb prioritet t\u00eb plot\u00eb dhe t\u00eb reagohet me urgjenc\u00eb ndaj tyre.<\/p>\n<p>Nd\u00ebrkaq, koordinatorja p\u00ebr dhun\u00eb n\u00eb familje nga Prokuroria Themelore n\u00eb Prizren, Mehreme Hoxha, zyrtar\u00ebve policor\u00eb ua prezantoi nga nj\u00eb kopje t\u00eb vler\u00ebsimit t\u00eb rrezikut si dhe t\u00eb urdh\u00ebrit p\u00ebr mbrojtje emergjente, me rekomandimin q\u00eb n\u00eb t\u00eb ardhmen s\u00eb bashku me kall\u00ebzimin penal, t\u00eb plot\u00ebsohet nga viktima edhe formulari p\u00ebr vler\u00ebsimin e rrezikut.<\/p>\n<p>N\u00eb fund t\u00eb takimit, t\u00eb gjith\u00eb pjes\u00ebmarr\u00ebsit vler\u00ebsuan se duhet t\u00eb thellohet edhe m\u00eb tutje bashk\u00ebpunimi dhe t\u00eb mbahen takime m\u00eb t\u00eb shpeshta sa i p\u00ebrket rasteve t\u00eb tilla n\u00eb m\u00ebnyr\u00eb q\u00eb t\u00eb shtohen mekanizmat e mbrojtjes ndaj dhun\u00ebs n\u00eb familje.<\/p>\n","protected":false},"excerpt":{"rendered":"<p>Prizen &#8211; Kryeprokurori i Prokuroris\u00eb Themelore n\u00eb Prizren, Admir Shala, ka organizuar nj\u00eb takim p\u00ebr t\u00eb trajtuar tem\u00ebn e dhun\u00ebs n\u00eb familje. N\u00eb k\u00ebt\u00eb takim ishin t\u00eb pranish\u00ebm prokuror\u00eb p\u00ebrgjegj\u00ebs p\u00ebr rastet e dhun\u00ebs n\u00eb familje, p\u00ebrfaq\u00ebsues nga Policia e Kosov\u00ebs p\u00ebr rajonin e Prizrenit, gjykat\u00ebs, mbrojt\u00ebs t\u00eb viktimave, p\u00ebrfaq\u00ebsues nga Qendra p\u00ebr Pun\u00eb Sociale, [&hellip;]<\/p>\n","protected":false},"author":1,"featured_media":46691,"comment_status":"open","ping_status":"open","sticky":false,"template":"","format":"standard","meta":{"footnotes":""},"categories":[22],"tags":[4629,4630,4628,41],"class_list":["post-46690","post","type-post","status-publish","format-standard","has-post-thumbnail","hentry","category-prizren","tag-admir-shala","tag-dhuna-ne-familje","tag-kryeprokurori","tag-prizren"],"_links":{"self":[{"href":"https:\/\/prizrenpost.com\/al\/wp-json\/wp\/v2\/posts\/46690","targetHints":{"allow":["GET"]}}],"collection":[{"href":"https:\/\/prizrenpost.com\/al\/wp-json\/wp\/v2\/posts"}],"about":[{"href":"https:\/\/prizrenpost.com\/al\/wp-json\/wp\/v2\/types\/post"}],"author":[{"embeddable":true,"href":"https:\/\/prizrenpost.com\/al\/wp-json\/wp\/v2\/users\/1"}],"replies":[{"embeddable":true,"href":"https:\/\/prizrenpost.com\/al\/wp-json\/wp\/v2\/comments?post=46690"}],"version-history":[{"count":0,"href":"https:\/\/prizrenpost.com\/al\/wp-json\/wp\/v2\/posts\/46690\/revisions"}],"wp:featuredmedia":[{"embeddable":true,"href":"https:\/\/prizrenpost.com\/al\/wp-json\/wp\/v2\/media\/46691"}],"wp:attachment":[{"href":"https:\/\/prizrenpost.com\/al\/wp-json\/wp\/v2\/media?parent=46690"}],"wp:term":[{"taxonomy":"category","embeddable":true,"href":"https:\/\/prizrenpost.com\/al\/wp-json\/wp\/v2\/categories?post=46690"},{"taxonomy":"post_tag","embeddable":true,"href":"https:\/\/prizrenpost.com\/al\/wp-json\/wp\/v2\/tags?post=46690"}],"curies":[{"name":"wp","href":"https:\/\/api.w.org\/{rel}","templated":true}]}}