{"id":46693,"date":"2018-09-27T13:51:52","date_gmt":"2018-09-27T11:51:52","guid":{"rendered":"https:\/\/prizrenpost.com\/al\/?p=46693"},"modified":"2018-09-27T13:51:52","modified_gmt":"2018-09-27T11:51:52","slug":"mustafa-korrigjimi-i-kufijve-dhe-shkembimi-i-territoreve-e-thellojne-problemin-me-serbine","status":"publish","type":"post","link":"https:\/\/prizrenpost.com\/al\/mustafa-korrigjimi-i-kufijve-dhe-shkembimi-i-territoreve-e-thellojne-problemin-me-serbine\/","title":{"rendered":"Mustafa: Korrigjimi i kufijve dhe shk\u00ebmbimi i territoreve e thellojn\u00eb problemin me Serbin\u00eb"},"content":{"rendered":"<p><img decoding=\"async\" src=\"https:\/\/prizrenpost.com\/al\/wp-content\/uploads\/2018\/09\/22541A01-6C6B-413D-A533-B8C8767392AF.jpeg\" alt=\"\" width=\"100%\" height=\"\" class=\"alignleft size-full wp-image-46694\" srcset=\"https:\/\/prizrenpost.com\/al\/wp-content\/uploads\/2018\/09\/22541A01-6C6B-413D-A533-B8C8767392AF.jpeg 633w, https:\/\/prizrenpost.com\/al\/wp-content\/uploads\/2018\/09\/22541A01-6C6B-413D-A533-B8C8767392AF-300x164.jpeg 300w\" sizes=\"(max-width: 633px) 100vw, 633px\" \/><\/p>\n<p><strong>Prishtin\u00eb &#8211; Kryetari i LDK-s\u00eb, Isa Mustafa, ka th\u00ebn\u00eb se prekja e kufijve \u00ebsht\u00eb cenim i shtet\u00ebsis\u00eb s\u00eb Kosov\u00ebs.<\/strong><\/p>\n<p>Sipas tij vendi \u00ebsht\u00eb n\u00eb rrezikun m\u00eb t\u00eb madh pas shpalljes s\u00eb pavar\u00ebsis\u00eb.<\/p>\n<p>\u201cIdet\u00eb p\u00ebr korrigjim t\u00eb kufijve, p\u00ebr shk\u00ebmbim t\u00eb territoreve, p\u00ebr autonomi speciale p\u00ebr serbet, jan\u00eb kanosje serioze ndaj asaj \u00e7far\u00eb kemi nd\u00ebrtuar k\u00ebto dhjet\u00eb vite, nga Deklarata e shpalljes s\u00eb pavar\u00ebsis\u00eb, aprovimi Kushtetut\u00ebs e Vendimi i Gjykat\u00ebs Nd\u00ebrkomb\u00ebtare t\u00eb Drejt\u00ebsis\u00eb\u201d, ka th\u00ebn\u00eb Mustafa p\u00ebrmes Facebook.<\/p>\n<p>\u201cNuk ka asnj\u00eb arsye q\u00eb Kosova pas 116 njohjeve ta v\u00eb n\u00eb pik\u00ebpyetje shtet\u00ebsin\u00eb e vet, thjesht nga fakti se k\u00ebt\u00eb shtet\u00ebsi nuk e ka pranuar Serbia, se po u dashka t\u00eb krijoj\u00eb hap\u00ebsir\u00eb q\u00eb edhe Serbia t\u00eb fitoj di\u00e7ka. Serbia shkaktoi mbi 13,500 viktima t\u00eb luft\u00ebs n\u00eb Kosov\u00eb, hordhit\u00eb serbe dhunuan mbi 20 mij\u00eb gra, shkat\u00ebrruan mbi 100 mij\u00eb prona, pla\u00e7kit\u00ebn fondin e pensioneve, dezinvestuan n\u00eb t\u00eb gjitha fushat, shkat\u00ebrruan ekonomin\u00eb, dep\u00ebrtuan mbi nj\u00eb milion banor\u00eb\u2026 K\u00ebto jan\u00eb viktimat dhe disa nga pasojat e shkaktuar nga logjika e Serbis\u00eb p\u00ebr t\u00eb fituar. Prandaj, nuk duhet t\u00eb krijojm\u00eb rast p\u00ebr viktima t\u00eb tjera, p\u00ebr zhvendosje t\u00eb popullsis\u00eb e p\u00ebr konflikte t\u00eb reja.<\/p>\n<p>Korrigjimi i kufijve dhe shk\u00ebmbimi i territorit sipas Mustaf\u00ebs nuk e p\u00ebrfundon raportin me Serbin\u00eb por e thellon amullin\u00eb e shtetit t\u00eb Kosov\u00ebs.<\/p>\n<p>\u201cSerb\u00ebt nuk jetojn\u00eb vet\u00ebm n\u00eb veri, ata jetojn\u00eb edhe n\u00eb 6 komuna me shumic\u00eb n\u00eb brendi t\u00eb Kosov\u00ebs, jetojn\u00eb n\u00eb Bujanovc dhe Medvegje (q\u00eb po thuhet se i marrim bashk\u00eb me Preshev\u00ebn pa dh\u00ebn\u00eb asgj\u00eb!?) prandaj \u00e7\u00ebshtja e serb\u00ebve nuk p\u00ebrfundon me kufij etnik, por fillon me rr\u00ebmbim t\u00eb nj\u00eb pjese t\u00eb territorit, pastaj me k\u00ebrkesa specifika p\u00ebr Kish\u00ebn Ortodokse serbe dhe p\u00ebr komunat me shumic\u00eb serbe. Fillon e nuk mbaron. Idet\u00eb e tilla e shkat\u00ebrrojn\u00eb qenien ton\u00eb shtet\u00ebrore dhe na sjellin n\u00eb nj\u00eb gjendje t\u00eb padefinuar\u201d.<\/p>\n<p>\u201cArsyetimi i korrigjimit t\u00eb territorit me \u201czbulimet\u201d se komunat n\u00eb veri i kemi marr\u00eb si dhurat\u00eb nga Tito dhe Rankovi\u00e7i p\u00ebr t\u00eb prishur p\u00ebrb\u00ebrjen etnike t\u00eb Kosov\u00ebs \u00ebsht\u00eb joserioz, p\u00ebr aq sa do t\u00eb ishte joserioze t\u00eb mendohet se ne paskemi gabuar q\u00eb e kemi shpallur pavar\u00ebsin\u00eb n\u00eb territorin q\u00eb p\u00ebrfshin\u00eb edhe k\u00ebto komuna t\u00eb veriut, n\u00eb tok\u00ebn e Kosov\u00ebs. Kjo sjellje \u00ebsht\u00eb mohim i Deklarat\u00ebs s\u00eb Pavar\u00ebsis\u00eb nga goja e institucionit formalisht m\u00eb t\u00eb lart\u00eb t\u00eb vendit. Idet\u00eb dhe iniciativat p\u00ebr ta d\u00ebrmuar k\u00ebt\u00eb vend, nuk jan\u00eb t\u00eb pakta. Sa isha kryeminist\u00ebr i Kosov\u00ebs me pompozitet trumbetohej iniciativa p\u00ebr Unionin Ekonomik t\u00eb Ballkanit Per\u00ebndimor. Nj\u00eb Jugosllavi e re, pa Kroacin\u00eb e Sllovenin\u00eb por me Shqip\u00ebrin\u00eb. Sikurse edhe ideja p\u00ebr Unionin Doganor t\u00eb Vendeve t\u00eb Ballkanit Per\u00ebndimor. Un\u00eb i kam kund\u00ebrshtuar fuqimisht n\u00eb em\u00ebr t\u00eb Qeveris\u00eb s\u00eb Kosov\u00ebs dhe nuk kemi lejuar q\u00eb Kosova t\u00eb shkrihet n\u00eb organizma t\u00eb till\u00eb q\u00eb n\u00eb substanc\u00eb e d\u00ebmtonin shtetin ton\u00eb\u201d.<\/p>\n<p>LDK, ka th\u00ebn\u00eb Mustafa se konsideron q\u00eb Kosova i ka kufijt\u00eb e vet t\u00eb merituar dhe legjitim dhe se prekja e tyre \u00ebsht\u00eb prekje dhe cenim i qenies son\u00eb shtet\u00ebrore.<\/p>\n<p>\u201cSerbia duhet ta pranoj\u00eb Kosov\u00ebn n\u00eb kufijt\u00eb q\u00eb e ka shpallur pavar\u00ebsin\u00eb dhe n\u00eb t\u00eb cil\u00ebt e kan\u00eb njohur mbi gjysma e shteteve t\u00eb rruzullit tok\u00ebsor. Normalizimin e marr\u00ebdh\u00ebnieve me Serbin\u00eb nuk duhet ta blejm\u00eb me shk\u00ebmbime territoresh por duhet ta arrijm\u00eb me nd\u00ebrtim t\u00eb raporteve t\u00eb paqes dhe fqinj\u00ebsis\u00eb s\u00eb mir\u00eb dhe respektim t\u00eb t\u00eb drejtave t\u00eb serb\u00ebve sipas standardeve m\u00eb t\u00eb mira evropiane, m\u00eb zhvillim ekonomik dhe prosperitet arsimor e kulturor. Pozita e pakicave, as atyre shqiptare dhe as atyre serbe, sikurse edhe e pakicave tjera nuk zgjidhet me kufi etnik dhe me zhvendosje t\u00eb tyre por duke ua siguruar t\u00eb drejtat e barabarta\u201d.<\/p>\n","protected":false},"excerpt":{"rendered":"<p>Prishtin\u00eb &#8211; Kryetari i LDK-s\u00eb, Isa Mustafa, ka th\u00ebn\u00eb se prekja e kufijve \u00ebsht\u00eb cenim i shtet\u00ebsis\u00eb s\u00eb Kosov\u00ebs. Sipas tij vendi \u00ebsht\u00eb n\u00eb rrezikun m\u00eb t\u00eb madh pas shpalljes s\u00eb pavar\u00ebsis\u00eb. \u201cIdet\u00eb p\u00ebr korrigjim t\u00eb kufijve, p\u00ebr shk\u00ebmbim t\u00eb territoreve, p\u00ebr autonomi speciale p\u00ebr serbet, jan\u00eb kanosje serioze ndaj asaj \u00e7far\u00eb kemi nd\u00ebrtuar k\u00ebto [&hellip;]<\/p>\n","protected":false},"author":1,"featured_media":46694,"comment_status":"open","ping_status":"open","sticky":false,"template":"","format":"standard","meta":{"footnotes":""},"categories":[1],"tags":[694,48],"class_list":["post-46693","post","type-post","status-publish","format-standard","has-post-thumbnail","hentry","category-lajme","tag-isa-mustafa","tag-kosove"],"_links":{"self":[{"href":"https:\/\/prizrenpost.com\/al\/wp-json\/wp\/v2\/posts\/46693","targetHints":{"allow":["GET"]}}],"collection":[{"href":"https:\/\/prizrenpost.com\/al\/wp-json\/wp\/v2\/posts"}],"about":[{"href":"https:\/\/prizrenpost.com\/al\/wp-json\/wp\/v2\/types\/post"}],"author":[{"embeddable":true,"href":"https:\/\/prizrenpost.com\/al\/wp-json\/wp\/v2\/users\/1"}],"replies":[{"embeddable":true,"href":"https:\/\/prizrenpost.com\/al\/wp-json\/wp\/v2\/comments?post=46693"}],"version-history":[{"count":0,"href":"https:\/\/prizrenpost.com\/al\/wp-json\/wp\/v2\/posts\/46693\/revisions"}],"wp:featuredmedia":[{"embeddable":true,"href":"https:\/\/prizrenpost.com\/al\/wp-json\/wp\/v2\/media\/46694"}],"wp:attachment":[{"href":"https:\/\/prizrenpost.com\/al\/wp-json\/wp\/v2\/media?parent=46693"}],"wp:term":[{"taxonomy":"category","embeddable":true,"href":"https:\/\/prizrenpost.com\/al\/wp-json\/wp\/v2\/categories?post=46693"},{"taxonomy":"post_tag","embeddable":true,"href":"https:\/\/prizrenpost.com\/al\/wp-json\/wp\/v2\/tags?post=46693"}],"curies":[{"name":"wp","href":"https:\/\/api.w.org\/{rel}","templated":true}]}}