{"id":46785,"date":"2018-10-03T08:48:09","date_gmt":"2018-10-03T06:48:09","guid":{"rendered":"https:\/\/prizrenpost.com\/al\/?p=46785"},"modified":"2018-10-03T08:54:21","modified_gmt":"2018-10-03T06:54:21","slug":"sot-ekspozohen-portretet-e-deshmoreve-dhe-personaliteteve-kombetare","status":"publish","type":"post","link":"https:\/\/prizrenpost.com\/al\/sot-ekspozohen-portretet-e-deshmoreve-dhe-personaliteteve-kombetare\/","title":{"rendered":"Sot ekspozohen portretet e d\u00ebshmor\u00ebve dhe personaliteteve komb\u00ebtare"},"content":{"rendered":"<p><img decoding=\"async\" src=\"https:\/\/prizrenpost.com\/al\/wp-content\/uploads\/2018\/10\/BDDFBD68-A2D1-4369-8306-5B1B3C583002.jpeg\" alt=\"\" width=\"100%\" height=\"\" class=\"alignleft size-full wp-image-46786\" srcset=\"https:\/\/prizrenpost.com\/al\/wp-content\/uploads\/2018\/10\/BDDFBD68-A2D1-4369-8306-5B1B3C583002.jpeg 768w, https:\/\/prizrenpost.com\/al\/wp-content\/uploads\/2018\/10\/BDDFBD68-A2D1-4369-8306-5B1B3C583002-300x167.jpeg 300w\" sizes=\"(max-width: 768px) 100vw, 768px\" \/><\/p>\n<p><strong>Prishtin\u00eb &#8211; Sot me fillim nga ora 19:00 n\u00eb Muzeun e Kosov\u00ebs do t\u00eb mbahet ekspozita individuale e piktorit Emrush Xhemajli, e titulluar \u201cPortretet e d\u00ebshmor\u00ebve dhe t\u00eb personaliteteve historike komb\u00ebtare\u201d .<\/strong><\/p>\n<p>Shumica e portreteve jan\u00eb t\u00eb punuara kryesisht n\u00eb tri vitet e fundit, dhe n\u00eb fokus kan\u00eb d\u00ebshmor\u00ebt dhe personalitetet q\u00eb lan\u00eb gjurm\u00eb n\u00eb historin\u00eb e kombit.<\/p>\n","protected":false},"excerpt":{"rendered":"<p>Prishtin\u00eb &#8211; Sot me fillim nga ora 19:00 n\u00eb Muzeun e Kosov\u00ebs do t\u00eb mbahet ekspozita individuale e piktorit Emrush Xhemajli, e titulluar \u201cPortretet e d\u00ebshmor\u00ebve dhe t\u00eb personaliteteve historike komb\u00ebtare\u201d . Shumica e portreteve jan\u00eb t\u00eb punuara kryesisht n\u00eb tri vitet e fundit, dhe n\u00eb fokus kan\u00eb d\u00ebshmor\u00ebt dhe personalitetet q\u00eb lan\u00eb gjurm\u00eb n\u00eb [&hellip;]<\/p>\n","protected":false},"author":1,"featured_media":46786,"comment_status":"open","ping_status":"open","sticky":false,"template":"","format":"standard","meta":{"footnotes":""},"categories":[4],"tags":[4468],"class_list":["post-46785","post","type-post","status-publish","format-standard","has-post-thumbnail","hentry","category-kulture","tag-muzeu-i-kosoves"],"_links":{"self":[{"href":"https:\/\/prizrenpost.com\/al\/wp-json\/wp\/v2\/posts\/46785","targetHints":{"allow":["GET"]}}],"collection":[{"href":"https:\/\/prizrenpost.com\/al\/wp-json\/wp\/v2\/posts"}],"about":[{"href":"https:\/\/prizrenpost.com\/al\/wp-json\/wp\/v2\/types\/post"}],"author":[{"embeddable":true,"href":"https:\/\/prizrenpost.com\/al\/wp-json\/wp\/v2\/users\/1"}],"replies":[{"embeddable":true,"href":"https:\/\/prizrenpost.com\/al\/wp-json\/wp\/v2\/comments?post=46785"}],"version-history":[{"count":0,"href":"https:\/\/prizrenpost.com\/al\/wp-json\/wp\/v2\/posts\/46785\/revisions"}],"wp:featuredmedia":[{"embeddable":true,"href":"https:\/\/prizrenpost.com\/al\/wp-json\/wp\/v2\/media\/46786"}],"wp:attachment":[{"href":"https:\/\/prizrenpost.com\/al\/wp-json\/wp\/v2\/media?parent=46785"}],"wp:term":[{"taxonomy":"category","embeddable":true,"href":"https:\/\/prizrenpost.com\/al\/wp-json\/wp\/v2\/categories?post=46785"},{"taxonomy":"post_tag","embeddable":true,"href":"https:\/\/prizrenpost.com\/al\/wp-json\/wp\/v2\/tags?post=46785"}],"curies":[{"name":"wp","href":"https:\/\/api.w.org\/{rel}","templated":true}]}}