{"id":46867,"date":"2018-10-10T11:51:43","date_gmt":"2018-10-10T09:51:43","guid":{"rendered":"https:\/\/prizrenpost.com\/al\/?p=46867"},"modified":"2018-10-10T11:51:43","modified_gmt":"2018-10-10T09:51:43","slug":"kosova-ne-rrugen-e-duhur-per-marrjen-e-liberalizimit","status":"publish","type":"post","link":"https:\/\/prizrenpost.com\/al\/kosova-ne-rrugen-e-duhur-per-marrjen-e-liberalizimit\/","title":{"rendered":"Kosova n\u00eb rrug\u00ebn e duhur p\u00ebr marrjen e liberalizimit"},"content":{"rendered":"<p><img decoding=\"async\" src=\"https:\/\/prizrenpost.com\/al\/wp-content\/uploads\/2018\/10\/F450AF01-5BE1-4A15-A3BE-F9D608B0D7A4.jpeg\" alt=\"\" width=\"100%\" height=\"\" class=\"alignleft size-full wp-image-46868\" srcset=\"https:\/\/prizrenpost.com\/al\/wp-content\/uploads\/2018\/10\/F450AF01-5BE1-4A15-A3BE-F9D608B0D7A4.jpeg 780w, https:\/\/prizrenpost.com\/al\/wp-content\/uploads\/2018\/10\/F450AF01-5BE1-4A15-A3BE-F9D608B0D7A4-300x169.jpeg 300w, https:\/\/prizrenpost.com\/al\/wp-content\/uploads\/2018\/10\/F450AF01-5BE1-4A15-A3BE-F9D608B0D7A4-768x432.jpeg 768w\" sizes=\"(max-width: 780px) 100vw, 780px\" \/><\/p>\n<p><strong>Prishtin\u00eb &#8211; Kryeministri i vendit, Ramush Haradinaj ka zhvilluar takim me ambasador\u00ebt e vendeve t\u00eb Quintit dhe shefen e BE-s\u00eb n\u00eb Kosov\u00ebs.<\/strong><\/p>\n<p>Gjat\u00eb k\u00ebtij takimi Haradinaj ka theksuar se jan\u00eb pajtuar se Kosova \u00ebsht\u00eb n\u00eb rrug\u00ebn e duhur p\u00ebr marrjen e liberalizimit t\u00eb vizave.<\/p>\n<p>\u201cSot, n\u00eb takimin me ambasador\u00ebt e Quint-it dhe shefen e BE-s\u00eb n\u00eb Kosov\u00eb, u pajtuam se vendi yn\u00eb \u00ebsht\u00eb n\u00eb rrug\u00ebn e duhur p\u00ebr marrjen e liberalizimit t\u00eb vizave dhe se lufta kund\u00ebr krimit t\u00eb organizuar, korrupsionit dhe menaxhimi efektiv i migrimit duhet t\u00eb jen\u00eb prioritare.<\/p>\n<p>P\u00ebrkrahja e shteteve mike nuk ka munguar asnj\u00ebher\u00eb dhe s\u00eb bashku po punojm\u00eb n\u00eb realizimin e synimeve tona p\u00ebr konsolidimin dhe fuqizimin e shtetit drejt t\u00eb ardhmes son\u00eb euro-atlantike\u201d, ka shkruar Haradinaj.<\/p>\n","protected":false},"excerpt":{"rendered":"<p>Prishtin\u00eb &#8211; Kryeministri i vendit, Ramush Haradinaj ka zhvilluar takim me ambasador\u00ebt e vendeve t\u00eb Quintit dhe shefen e BE-s\u00eb n\u00eb Kosov\u00ebs. Gjat\u00eb k\u00ebtij takimi Haradinaj ka theksuar se jan\u00eb pajtuar se Kosova \u00ebsht\u00eb n\u00eb rrug\u00ebn e duhur p\u00ebr marrjen e liberalizimit t\u00eb vizave. \u201cSot, n\u00eb takimin me ambasador\u00ebt e Quint-it dhe shefen e BE-s\u00eb [&hellip;]<\/p>\n","protected":false},"author":1,"featured_media":46868,"comment_status":"open","ping_status":"open","sticky":false,"template":"","format":"standard","meta":{"footnotes":""},"categories":[1],"tags":[3803,48,864,1090],"class_list":["post-46867","post","type-post","status-publish","format-standard","has-post-thumbnail","hentry","category-lajme","tag-aktuale","tag-kosove","tag-kryeministri","tag-liberalizimi"],"_links":{"self":[{"href":"https:\/\/prizrenpost.com\/al\/wp-json\/wp\/v2\/posts\/46867","targetHints":{"allow":["GET"]}}],"collection":[{"href":"https:\/\/prizrenpost.com\/al\/wp-json\/wp\/v2\/posts"}],"about":[{"href":"https:\/\/prizrenpost.com\/al\/wp-json\/wp\/v2\/types\/post"}],"author":[{"embeddable":true,"href":"https:\/\/prizrenpost.com\/al\/wp-json\/wp\/v2\/users\/1"}],"replies":[{"embeddable":true,"href":"https:\/\/prizrenpost.com\/al\/wp-json\/wp\/v2\/comments?post=46867"}],"version-history":[{"count":0,"href":"https:\/\/prizrenpost.com\/al\/wp-json\/wp\/v2\/posts\/46867\/revisions"}],"wp:featuredmedia":[{"embeddable":true,"href":"https:\/\/prizrenpost.com\/al\/wp-json\/wp\/v2\/media\/46868"}],"wp:attachment":[{"href":"https:\/\/prizrenpost.com\/al\/wp-json\/wp\/v2\/media?parent=46867"}],"wp:term":[{"taxonomy":"category","embeddable":true,"href":"https:\/\/prizrenpost.com\/al\/wp-json\/wp\/v2\/categories?post=46867"},{"taxonomy":"post_tag","embeddable":true,"href":"https:\/\/prizrenpost.com\/al\/wp-json\/wp\/v2\/tags?post=46867"}],"curies":[{"name":"wp","href":"https:\/\/api.w.org\/{rel}","templated":true}]}}