{"id":46907,"date":"2018-10-13T08:25:25","date_gmt":"2018-10-13T06:25:25","guid":{"rendered":"https:\/\/prizrenpost.com\/al\/?p=46907"},"modified":"2018-10-13T08:25:25","modified_gmt":"2018-10-13T06:25:25","slug":"rritja-e-numrit-te-veteraneve-nuk-ka-te-ndalur","status":"publish","type":"post","link":"https:\/\/prizrenpost.com\/al\/rritja-e-numrit-te-veteraneve-nuk-ka-te-ndalur\/","title":{"rendered":"Rritja e numrit t\u00eb veteran\u00ebve nuk ka t\u00eb ndalur"},"content":{"rendered":"<p><img decoding=\"async\" src=\"https:\/\/prizrenpost.com\/al\/wp-content\/uploads\/2018\/10\/D0D75248-3DB1-478F-98AE-404F00DCD065.jpeg\" alt=\"\" width=\"100%\" height=\"\" class=\"alignleft size-full wp-image-46908\" srcset=\"https:\/\/prizrenpost.com\/al\/wp-content\/uploads\/2018\/10\/D0D75248-3DB1-478F-98AE-404F00DCD065.jpeg 780w, https:\/\/prizrenpost.com\/al\/wp-content\/uploads\/2018\/10\/D0D75248-3DB1-478F-98AE-404F00DCD065-300x169.jpeg 300w, https:\/\/prizrenpost.com\/al\/wp-content\/uploads\/2018\/10\/D0D75248-3DB1-478F-98AE-404F00DCD065-768x432.jpeg 768w\" sizes=\"(max-width: 780px) 100vw, 780px\" \/><\/p>\n<p><strong>Prishtin\u00eb &#8211; Ministria e Pun\u00ebs dhe Mir\u00ebqenies Sociale ka b\u00ebr\u00eb t\u00eb ditur se gjat\u00eb muajit t\u00eb fundit jan\u00eb paguar pensionet e mbi 38 mij\u00eb veteran\u00ebve.<\/strong><\/p>\n<p>Nga janari e deri n\u00eb shtator t\u00eb k\u00ebtij viti numri i veteran\u00ebve \u00ebsht\u00eb rritur p\u00ebr 1400, p\u00ebrderisa p\u00ebr pensionet e tyre vet\u00ebm p\u00ebr n\u00ebnt\u00eb muaj jan\u00eb shpenzuar mbi 57 milion\u00eb euro.<\/p>\n<p>As hetimet e Prokuroris\u00eb s\u00eb Shtetit, madje as ngritjet e aktakuzave nga k\u00ebta t\u00eb fundit nuk po e ndalin \u201cval\u00ebn\u201d e madhe t\u00eb veteran\u00ebve, q\u00eb p\u00ebrfitojn\u00eb financiarisht nga buxheti i shtetit.<\/p>\n<p>Muajin e kaluar (shtator) numri i veteran\u00ebve q\u00eb kan\u00eb p\u00ebrfituar pensione ka arritur n\u00eb 38.184, duke u rritur p\u00ebr rreth 1400 vet\u00eb brenda nj\u00eb periudh\u00eb n\u00ebnt\u00ebmujore, p\u00ebrkat\u00ebsisht nga janari n\u00eb shtator 2018.<\/p>\n<p>Vet\u00ebm p\u00ebr k\u00ebt\u00eb periudh\u00eb kohore, janar \u2013shtator 2018, mbi 57 milion\u00eb euro jan\u00eb shpenzuar nga buxheti p\u00ebr pensionet e veteran\u00ebve.<\/p>\n<p>Shkrimin e plot\u00eb e gjeni n\u00eb Z\u00ebri.<\/p>\n","protected":false},"excerpt":{"rendered":"<p>Prishtin\u00eb &#8211; Ministria e Pun\u00ebs dhe Mir\u00ebqenies Sociale ka b\u00ebr\u00eb t\u00eb ditur se gjat\u00eb muajit t\u00eb fundit jan\u00eb paguar pensionet e mbi 38 mij\u00eb veteran\u00ebve. Nga janari e deri n\u00eb shtator t\u00eb k\u00ebtij viti numri i veteran\u00ebve \u00ebsht\u00eb rritur p\u00ebr 1400, p\u00ebrderisa p\u00ebr pensionet e tyre vet\u00ebm p\u00ebr n\u00ebnt\u00eb muaj jan\u00eb shpenzuar mbi 57 milion\u00eb [&hellip;]<\/p>\n","protected":false},"author":1,"featured_media":46908,"comment_status":"open","ping_status":"open","sticky":false,"template":"","format":"standard","meta":{"footnotes":""},"categories":[1],"tags":[3803,48,36,722],"class_list":["post-46907","post","type-post","status-publish","format-standard","has-post-thumbnail","hentry","category-lajme","tag-aktuale","tag-kosove","tag-uck","tag-veteranet"],"_links":{"self":[{"href":"https:\/\/prizrenpost.com\/al\/wp-json\/wp\/v2\/posts\/46907","targetHints":{"allow":["GET"]}}],"collection":[{"href":"https:\/\/prizrenpost.com\/al\/wp-json\/wp\/v2\/posts"}],"about":[{"href":"https:\/\/prizrenpost.com\/al\/wp-json\/wp\/v2\/types\/post"}],"author":[{"embeddable":true,"href":"https:\/\/prizrenpost.com\/al\/wp-json\/wp\/v2\/users\/1"}],"replies":[{"embeddable":true,"href":"https:\/\/prizrenpost.com\/al\/wp-json\/wp\/v2\/comments?post=46907"}],"version-history":[{"count":0,"href":"https:\/\/prizrenpost.com\/al\/wp-json\/wp\/v2\/posts\/46907\/revisions"}],"wp:featuredmedia":[{"embeddable":true,"href":"https:\/\/prizrenpost.com\/al\/wp-json\/wp\/v2\/media\/46908"}],"wp:attachment":[{"href":"https:\/\/prizrenpost.com\/al\/wp-json\/wp\/v2\/media?parent=46907"}],"wp:term":[{"taxonomy":"category","embeddable":true,"href":"https:\/\/prizrenpost.com\/al\/wp-json\/wp\/v2\/categories?post=46907"},{"taxonomy":"post_tag","embeddable":true,"href":"https:\/\/prizrenpost.com\/al\/wp-json\/wp\/v2\/tags?post=46907"}],"curies":[{"name":"wp","href":"https:\/\/api.w.org\/{rel}","templated":true}]}}