{"id":46931,"date":"2018-10-14T15:07:51","date_gmt":"2018-10-14T13:07:51","guid":{"rendered":"https:\/\/prizrenpost.com\/al\/?p=46931"},"modified":"2018-10-14T15:07:51","modified_gmt":"2018-10-14T13:07:51","slug":"miqesia-e-vazhdueshme-e-prizrenasve-me-gjermanet","status":"publish","type":"post","link":"https:\/\/prizrenpost.com\/al\/miqesia-e-vazhdueshme-e-prizrenasve-me-gjermanet\/","title":{"rendered":"Miq\u00ebsia e vazhdueshme e prizrenasve me gjerman\u00ebt"},"content":{"rendered":"<p><img decoding=\"async\" src=\"https:\/\/prizrenpost.com\/al\/wp-content\/uploads\/2018\/10\/gjermanet.jpg\" alt=\"\" width=\"100%\" height=\"\" class=\"alignleft size-full wp-image-46932\" srcset=\"https:\/\/prizrenpost.com\/al\/wp-content\/uploads\/2018\/10\/gjermanet.jpg 900w, https:\/\/prizrenpost.com\/al\/wp-content\/uploads\/2018\/10\/gjermanet-300x187.jpg 300w, https:\/\/prizrenpost.com\/al\/wp-content\/uploads\/2018\/10\/gjermanet-768x480.jpg 768w\" sizes=\"(max-width: 900px) 100vw, 900px\" \/><\/p>\n<p><strong>Prizren &#8211; Ndon\u00ebse kan\u00eb kaluar m\u00eb shum\u00eb se 19 vjet, kujtimi i qytetar\u00ebve t\u00eb Prizrenit p\u00ebr dat\u00ebn 12 qershor 1999 \u00ebsht\u00eb ende i fresk\u00ebt. Madje qyteti jugor i Kosov\u00ebs tashm\u00eb tradicionalisht e feston 12 qershorin si Dit\u00eb t\u00eb \u00c7lirimit.<\/strong><\/p>\n<p>N\u00eb k\u00ebt\u00eb dat\u00eb kishte nisur zbarkimi i trupave t\u00eb NATO-s n\u00eb Prizren, p\u00ebrkat\u00ebsisht i ushtar\u00ebve gjerman\u00eb, nd\u00ebrkoh\u00eb q\u00eb paralelisht n\u00eb qytet pat\u00ebn zbritur edhe ushtar\u00ebt e U\u00c7K-s\u00eb, shkruan sot Koha Ditore.<\/p>\n<p>Q\u00eb prej asaj periudhe e deri m\u00eb tani ushtar\u00ebt gjerman\u00eb bashk\u00eb me aleat\u00ebt e tyre shum\u00ebkomb\u00ebsh kan\u00eb dh\u00ebn\u00eb kontribut n\u00eb ruajtjen e paqes n\u00eb k\u00ebt\u00eb rajon. Por krahas paqeruajtjes, me sh\u00ebrbimin e tyre, ata kan\u00eb krijuar raporte t\u00eb af\u00ebrta edhe me popullat\u00ebn vend\u00ebse. K\u00ebsisoj, gjat\u00eb 19 vjet\u00ebve popullata e Prizrenit ka krijuar nj\u00eb miq\u00ebsi t\u00eb af\u00ebrt me ushtar\u00ebt gjerman\u00eb, q\u00eb sipas autoriteteve t\u00eb qeveris\u00eb lokale e asaj qendrore do t\u00eb vazhdoj\u00eb edhe m\u00eb tutje me aktivitete t\u00eb tjera, pavar\u00ebsisht largimit t\u00eb ushtar\u00ebve gjerman\u00eb nga Prizreni n\u00eb fund t\u00eb k\u00ebtij viti.<\/p>\n<p>Bashkim Gashi, aktivist shum\u00ebvje\u00e7ar p\u00ebr t\u00eb drejtat e njeriut nga Prizreni, kujton sesi ardhja e paqeruajt\u00ebsve gjerman\u00eb n\u00eb qytet n\u00eb qershor t\u00eb vitit 1999 pati ngjallur g\u00ebzimin e madh t\u00eb banor\u00ebve&#8230;.(Artikullin e plot\u00eb mund ta lexoni n\u00eb numrin e sot\u00ebm t\u00eb Koh\u00ebs Ditore)<\/p>\n","protected":false},"excerpt":{"rendered":"<p>Prizren &#8211; Ndon\u00ebse kan\u00eb kaluar m\u00eb shum\u00eb se 19 vjet, kujtimi i qytetar\u00ebve t\u00eb Prizrenit p\u00ebr dat\u00ebn 12 qershor 1999 \u00ebsht\u00eb ende i fresk\u00ebt. Madje qyteti jugor i Kosov\u00ebs tashm\u00eb tradicionalisht e feston 12 qershorin si Dit\u00eb t\u00eb \u00c7lirimit. N\u00eb k\u00ebt\u00eb dat\u00eb kishte nisur zbarkimi i trupave t\u00eb NATO-s n\u00eb Prizren, p\u00ebrkat\u00ebsisht i ushtar\u00ebve gjerman\u00eb, [&hellip;]<\/p>\n","protected":false},"author":1,"featured_media":46932,"comment_status":"open","ping_status":"open","sticky":false,"template":"","format":"standard","meta":{"footnotes":""},"categories":[4],"tags":[3803,2261,1428,41],"class_list":["post-46931","post","type-post","status-publish","format-standard","has-post-thumbnail","hentry","category-kulture","tag-aktuale","tag-gjermanet","tag-kfor","tag-prizren"],"_links":{"self":[{"href":"https:\/\/prizrenpost.com\/al\/wp-json\/wp\/v2\/posts\/46931","targetHints":{"allow":["GET"]}}],"collection":[{"href":"https:\/\/prizrenpost.com\/al\/wp-json\/wp\/v2\/posts"}],"about":[{"href":"https:\/\/prizrenpost.com\/al\/wp-json\/wp\/v2\/types\/post"}],"author":[{"embeddable":true,"href":"https:\/\/prizrenpost.com\/al\/wp-json\/wp\/v2\/users\/1"}],"replies":[{"embeddable":true,"href":"https:\/\/prizrenpost.com\/al\/wp-json\/wp\/v2\/comments?post=46931"}],"version-history":[{"count":0,"href":"https:\/\/prizrenpost.com\/al\/wp-json\/wp\/v2\/posts\/46931\/revisions"}],"wp:featuredmedia":[{"embeddable":true,"href":"https:\/\/prizrenpost.com\/al\/wp-json\/wp\/v2\/media\/46932"}],"wp:attachment":[{"href":"https:\/\/prizrenpost.com\/al\/wp-json\/wp\/v2\/media?parent=46931"}],"wp:term":[{"taxonomy":"category","embeddable":true,"href":"https:\/\/prizrenpost.com\/al\/wp-json\/wp\/v2\/categories?post=46931"},{"taxonomy":"post_tag","embeddable":true,"href":"https:\/\/prizrenpost.com\/al\/wp-json\/wp\/v2\/tags?post=46931"}],"curies":[{"name":"wp","href":"https:\/\/api.w.org\/{rel}","templated":true}]}}