{"id":46970,"date":"2018-10-16T13:09:24","date_gmt":"2018-10-16T11:09:24","guid":{"rendered":"https:\/\/prizrenpost.com\/al\/?p=46970"},"modified":"2018-10-16T13:09:47","modified_gmt":"2018-10-16T11:09:47","slug":"ne-shkup-u-hap-ekspozita-une-jam-shqiptar","status":"publish","type":"post","link":"https:\/\/prizrenpost.com\/al\/ne-shkup-u-hap-ekspozita-une-jam-shqiptar\/","title":{"rendered":"N\u00eb Shkup u hap ekspozita \u201cUn\u00eb jam shqiptar\u201d"},"content":{"rendered":"<p><img decoding=\"async\" src=\"https:\/\/prizrenpost.com\/al\/wp-content\/uploads\/2018\/10\/une-jam-shqiptar.jpg\" alt=\"\" width=\"100%\" height=\"\" class=\"alignleft size-full wp-image-46971\" srcset=\"https:\/\/prizrenpost.com\/al\/wp-content\/uploads\/2018\/10\/une-jam-shqiptar.jpg 900w, https:\/\/prizrenpost.com\/al\/wp-content\/uploads\/2018\/10\/une-jam-shqiptar-300x169.jpg 300w, https:\/\/prizrenpost.com\/al\/wp-content\/uploads\/2018\/10\/une-jam-shqiptar-768x432.jpg 768w\" sizes=\"(max-width: 900px) 100vw, 900px\" \/><\/p>\n<p><strong>Shkup &#8211; N\u00eb Galerin\u00eb Komb\u00ebtare t\u00eb Maqedonis\u00eb u hap dje ekspozita kushtuar diaspor\u00ebs shqiptare nd\u00ebr shekuj, e titulluar \u201cUn\u00eb jam shqiptar\u201d, organizuar nga Muzeu Historik Komb\u00ebtar i Shqip\u00ebris\u00eb, Galeria Komb\u00ebtare e Maqedonis\u00eb dhe Instituti i Trash\u00ebgimis\u00eb Shpirt\u00ebrore e Kulturore t\u00eb Shqiptar\u00ebve n\u00eb Maqedoni.<\/strong><\/p>\n<p>Ekspozita q\u00eb ka p\u00ebr tematik\u00eb emigrimin e shqiptar\u00ebve, p\u00ebrfshin materiale fotografike mbi diaspor\u00ebn shqiptare nd\u00ebr shekuj. Ekspozita e nj\u00ebjt\u00eb m\u00eb her\u00ebt \u00ebsht\u00eb paraqitur edhe n\u00eb Tiran\u00eb e Prishtin\u00eb.<\/p>\n<p>N\u00eb hapjen e ekspozit\u00ebs i pranish\u00ebm ishte edhe ministri i Kultur\u00ebs i Maqedonis\u00eb, Asaf Ademi, i cili theksoi se shqiptar\u00ebt e Maqedonis\u00eb nuk mungojn\u00eb n\u00eb k\u00ebt\u00eb ekspozit\u00eb ku paraqiten emigrant\u00ebt shqiptar q\u00eb kan\u00eb kontribuar p\u00ebr popullin shqiptar.<\/p>\n<p>\u201cKjo ekspozit\u00eb, p\u00ebrve\u00e7 tjerash, \u00ebsht\u00eb edhe nj\u00eb mir\u00ebnjohje p\u00ebr kontributit e m\u00ebrgat\u00ebs shqiptare t\u00eb Maqedonis\u00eb\u201d, deklaroi Asafi.<\/p>\n<p>Nd\u00ebrkaq, kryetari i Institutit t\u00eb Trash\u00ebgimis\u00eb Shpirt\u00ebrore e Kulturore t\u00eb Shqiptar\u00ebve t\u00eb Maqedonis\u00eb, Sk\u00ebnder Asani tha se \u201dpa m\u00ebrgat\u00ebn shqiptare ne nuk do t\u00eb kishim ekzistenc\u00eb n\u00eb k\u00ebto troje, troje t\u00eb cilat kan\u00eb qen\u00eb gjithnj\u00eb synim p\u00ebr t\u2019i marr\u00eb dikush tjet\u00ebr dhe p\u00ebr t\u00eb b\u00ebr\u00eb nj\u00eb histori krejt\u00ebsisht tjet\u00ebr dhe fal\u00eb k\u00ebsaj m\u00ebrgate ne jemi k\u00ebtu\u201d.<\/p>\n<p>Ekspozita fillon n\u00eb m\u00ebnyr\u00eb kronologjike me fotografin\u00eb e heroit komb\u00ebtar, Gjerg Kastriot Sk\u00ebnderbeut, kur edhe filluan val\u00ebt e para t\u00eb emigrimit shqiptar. Ekspozita po ashtu p\u00ebrmban fotografi t\u00eb arb\u00ebresh\u00ebve t\u00eb par\u00eb me ngulimet e tyre n\u00eb Italin\u00eb e Jugut, fotografi t\u00eb arvanitasve dhe rilindasve shqiptar\u00eb.<\/p>\n<p>Fotografia e emigrantit t\u00eb par\u00eb n\u00eb SHBA \u00ebsht\u00eb moment i r\u00ebnd\u00ebsish\u00ebm n\u00eb ekspozit\u00eb, duke vijuar me fotografi nga Sofja, Bukureshti, Kajroja, Stambolli dhe Vjena.<\/p>\n<p>Instituti i Trash\u00ebgimis\u00eb Shpirt\u00ebrore e Kulturore t\u00eb Shqiptar\u00ebve t\u00eb Maqedonis\u00eb, Galeria Komb\u00ebtare e Maqedonis\u00eb dhe Muzeu Historik Komb\u00ebtar i Shqip\u00ebris\u00eb n\u00ebnshkruan nj\u00eb memorandum bashk\u00ebpunimi n\u00eb fush\u00ebn e kultur\u00ebs.<\/p>\n<p>\u201cSot konstatoj me k\u00ebnaq\u00ebsi q\u00eb kemi v\u00ebn\u00eb gurthemelin e nj\u00eb bashk\u00ebpunimi t\u00eb r\u00ebnd\u00ebsish\u00ebm, q\u00eb do t\u00eb konkretizohet dhe do t\u00eb jet\u00eb drejtp\u00ebrdrejt edhe me produkte t\u00eb tjera kulturore\u201d, tha Dorian Ko\u00e7i, drejtor i Muzeut Historik Komb\u00ebtar t\u00eb Shqip\u00ebris\u00eb, njoton Koha.<\/p>\n","protected":false},"excerpt":{"rendered":"<p>Shkup &#8211; N\u00eb Galerin\u00eb Komb\u00ebtare t\u00eb Maqedonis\u00eb u hap dje ekspozita kushtuar diaspor\u00ebs shqiptare nd\u00ebr shekuj, e titulluar \u201cUn\u00eb jam shqiptar\u201d, organizuar nga Muzeu Historik Komb\u00ebtar i Shqip\u00ebris\u00eb, Galeria Komb\u00ebtare e Maqedonis\u00eb dhe Instituti i Trash\u00ebgimis\u00eb Shpirt\u00ebrore e Kulturore t\u00eb Shqiptar\u00ebve n\u00eb Maqedoni. Ekspozita q\u00eb ka p\u00ebr tematik\u00eb emigrimin e shqiptar\u00ebve, p\u00ebrfshin materiale fotografike mbi [&hellip;]<\/p>\n","protected":false},"author":1,"featured_media":46971,"comment_status":"open","ping_status":"open","sticky":false,"template":"","format":"standard","meta":{"footnotes":""},"categories":[4],"tags":[3803,1762,946,4663],"class_list":["post-46970","post","type-post","status-publish","format-standard","has-post-thumbnail","hentry","category-kulture","tag-aktuale","tag-ekspozite","tag-shkup","tag-une-jam-shqiptar"],"_links":{"self":[{"href":"https:\/\/prizrenpost.com\/al\/wp-json\/wp\/v2\/posts\/46970","targetHints":{"allow":["GET"]}}],"collection":[{"href":"https:\/\/prizrenpost.com\/al\/wp-json\/wp\/v2\/posts"}],"about":[{"href":"https:\/\/prizrenpost.com\/al\/wp-json\/wp\/v2\/types\/post"}],"author":[{"embeddable":true,"href":"https:\/\/prizrenpost.com\/al\/wp-json\/wp\/v2\/users\/1"}],"replies":[{"embeddable":true,"href":"https:\/\/prizrenpost.com\/al\/wp-json\/wp\/v2\/comments?post=46970"}],"version-history":[{"count":0,"href":"https:\/\/prizrenpost.com\/al\/wp-json\/wp\/v2\/posts\/46970\/revisions"}],"wp:featuredmedia":[{"embeddable":true,"href":"https:\/\/prizrenpost.com\/al\/wp-json\/wp\/v2\/media\/46971"}],"wp:attachment":[{"href":"https:\/\/prizrenpost.com\/al\/wp-json\/wp\/v2\/media?parent=46970"}],"wp:term":[{"taxonomy":"category","embeddable":true,"href":"https:\/\/prizrenpost.com\/al\/wp-json\/wp\/v2\/categories?post=46970"},{"taxonomy":"post_tag","embeddable":true,"href":"https:\/\/prizrenpost.com\/al\/wp-json\/wp\/v2\/tags?post=46970"}],"curies":[{"name":"wp","href":"https:\/\/api.w.org\/{rel}","templated":true}]}}