{"id":46974,"date":"2018-10-16T17:53:40","date_gmt":"2018-10-16T15:53:40","guid":{"rendered":"https:\/\/prizrenpost.com\/al\/?p=46974"},"modified":"2018-10-16T17:53:40","modified_gmt":"2018-10-16T15:53:40","slug":"haradinaj-aspak-shqetesues-buxheti-per-themelimin-e-ushtrise","status":"publish","type":"post","link":"https:\/\/prizrenpost.com\/al\/haradinaj-aspak-shqetesues-buxheti-per-themelimin-e-ushtrise\/","title":{"rendered":"Haradinaj: Aspak shqet\u00ebsues buxheti p\u00ebr themelimin e ushtris\u00eb"},"content":{"rendered":"<p><img decoding=\"async\" src=\"https:\/\/prizrenpost.com\/al\/wp-content\/uploads\/2018\/10\/5503C144-53DD-418E-BDD4-36FBA1B1CE4E.png\" alt=\"\" width=\"100%\" height=\"\" class=\"alignleft size-full wp-image-46975\" srcset=\"https:\/\/prizrenpost.com\/al\/wp-content\/uploads\/2018\/10\/5503C144-53DD-418E-BDD4-36FBA1B1CE4E.png 768w, https:\/\/prizrenpost.com\/al\/wp-content\/uploads\/2018\/10\/5503C144-53DD-418E-BDD4-36FBA1B1CE4E-300x188.png 300w\" sizes=\"(max-width: 768px) 100vw, 768px\" \/><\/p>\n<p><strong>Prishtin\u00eb &#8211; Kryeministri i Kosov\u00ebs, Ramush Haradinaj ka th\u00ebn\u00eb se aspak nuk \u00ebsht\u00eb shqet\u00ebsuese aspekti financiar sa i p\u00ebrket \u00e7\u00ebshtjes s\u00eb themelimit t\u00eb Ushtris\u00eb s\u00eb Kosov\u00ebs.<\/strong><\/p>\n<p>I pari i Qeveris\u00eb s\u00eb Kosov\u00ebs k\u00ebto deklarime i dha pas mbledhjes s\u00eb sotme, nd\u00ebrsa doli kund\u00ebr deklarimeve t\u00eb Kadri Veselit nj\u00eb dit\u00eb m\u00eb par\u00eb se nuk ka buxhet t\u00eb mjaftuesh\u00ebm p\u00ebr formimin e ushtris\u00eb, njofton Klan Kosova.<\/p>\n<p>\u201dT\u00eb enjten \u00ebsht\u00eb leximi i par\u00eb. Projektligjet kan\u00eb deklarat\u00ebn financiare, sikurse t\u00eb gjitha t\u00eb tjerat\u201d.<\/p>\n<p>\u201dS\u2019ka ndonj\u00eb shqet\u00ebsim p\u00ebr aspektin financiar\u201d.<\/p>\n<p>Ve\u00e7 tjerash Kryeministri Haradinaj p\u00ebrmendi dhe data t\u00eb mundshme se kur mund t\u00eb shkoj\u00eb n\u00eb Kuvend p\u00ebr lexim t\u00eb radh\u00ebs \u00e7\u00ebshtja e pakove t\u00eb transformimit t\u00eb FSK-s\u00eb, njofton Klan Kosova.<\/p>\n<p>\u201dN\u00eb diskutim n\u00eb Parlament kjo pako vjen n\u00eb lexim t\u00eb dyt\u00eb pas 20 n\u00ebntorit. 20 n\u00ebntor \u00ebsht\u00eb votimi n\u00eb ITERPOL\u2019.<\/p>\n","protected":false},"excerpt":{"rendered":"<p>Prishtin\u00eb &#8211; Kryeministri i Kosov\u00ebs, Ramush Haradinaj ka th\u00ebn\u00eb se aspak nuk \u00ebsht\u00eb shqet\u00ebsuese aspekti financiar sa i p\u00ebrket \u00e7\u00ebshtjes s\u00eb themelimit t\u00eb Ushtris\u00eb s\u00eb Kosov\u00ebs. I pari i Qeveris\u00eb s\u00eb Kosov\u00ebs k\u00ebto deklarime i dha pas mbledhjes s\u00eb sotme, nd\u00ebrsa doli kund\u00ebr deklarimeve t\u00eb Kadri Veselit nj\u00eb dit\u00eb m\u00eb par\u00eb se nuk ka buxhet [&hellip;]<\/p>\n","protected":false},"author":1,"featured_media":46975,"comment_status":"open","ping_status":"open","sticky":false,"template":"","format":"standard","meta":{"footnotes":""},"categories":[1],"tags":[3803,48,864,1017],"class_list":["post-46974","post","type-post","status-publish","format-standard","has-post-thumbnail","hentry","category-lajme","tag-aktuale","tag-kosove","tag-kryeministri","tag-ushtria-e-kosoves"],"_links":{"self":[{"href":"https:\/\/prizrenpost.com\/al\/wp-json\/wp\/v2\/posts\/46974","targetHints":{"allow":["GET"]}}],"collection":[{"href":"https:\/\/prizrenpost.com\/al\/wp-json\/wp\/v2\/posts"}],"about":[{"href":"https:\/\/prizrenpost.com\/al\/wp-json\/wp\/v2\/types\/post"}],"author":[{"embeddable":true,"href":"https:\/\/prizrenpost.com\/al\/wp-json\/wp\/v2\/users\/1"}],"replies":[{"embeddable":true,"href":"https:\/\/prizrenpost.com\/al\/wp-json\/wp\/v2\/comments?post=46974"}],"version-history":[{"count":0,"href":"https:\/\/prizrenpost.com\/al\/wp-json\/wp\/v2\/posts\/46974\/revisions"}],"wp:featuredmedia":[{"embeddable":true,"href":"https:\/\/prizrenpost.com\/al\/wp-json\/wp\/v2\/media\/46975"}],"wp:attachment":[{"href":"https:\/\/prizrenpost.com\/al\/wp-json\/wp\/v2\/media?parent=46974"}],"wp:term":[{"taxonomy":"category","embeddable":true,"href":"https:\/\/prizrenpost.com\/al\/wp-json\/wp\/v2\/categories?post=46974"},{"taxonomy":"post_tag","embeddable":true,"href":"https:\/\/prizrenpost.com\/al\/wp-json\/wp\/v2\/tags?post=46974"}],"curies":[{"name":"wp","href":"https:\/\/api.w.org\/{rel}","templated":true}]}}