{"id":47040,"date":"2018-10-19T08:29:51","date_gmt":"2018-10-19T06:29:51","guid":{"rendered":"https:\/\/prizrenpost.com\/al\/?p=47040"},"modified":"2018-10-19T08:29:51","modified_gmt":"2018-10-19T06:29:51","slug":"sot-ne-prishtine-pacolli-pret-homologun-turk-cavusoglu","status":"publish","type":"post","link":"https:\/\/prizrenpost.com\/al\/sot-ne-prishtine-pacolli-pret-homologun-turk-cavusoglu\/","title":{"rendered":"Sot n\u00eb Prishtin\u00eb Pacolli pret homologun turk, \u00c7avusoglu"},"content":{"rendered":"<p><img decoding=\"async\" src=\"https:\/\/prizrenpost.com\/al\/wp-content\/uploads\/2018\/10\/133326DD-449C-4B4C-8610-4E23046FDCF1.jpeg\" alt=\"\" width=\"100%\" height=\"\" class=\"alignleft size-full wp-image-47041\" srcset=\"https:\/\/prizrenpost.com\/al\/wp-content\/uploads\/2018\/10\/133326DD-449C-4B4C-8610-4E23046FDCF1.jpeg 780w, https:\/\/prizrenpost.com\/al\/wp-content\/uploads\/2018\/10\/133326DD-449C-4B4C-8610-4E23046FDCF1-300x169.jpeg 300w, https:\/\/prizrenpost.com\/al\/wp-content\/uploads\/2018\/10\/133326DD-449C-4B4C-8610-4E23046FDCF1-768x432.jpeg 768w\" sizes=\"(max-width: 780px) 100vw, 780px\" \/><\/p>\n<p><strong>PRISHTIN\u00cb &#8211; Z\u00ebvend\u00ebskryeministri i Par\u00eb dhe Ministri i Jasht\u00ebm, Behgjet Pacolli, do t\u00eb pres n\u00eb takim ministrin e Jasht\u00ebm t\u00eb Turqis\u00eb, Mevl\u00fct \u00c7avu\u015fo\u011flu.<\/strong><\/p>\n<p>Takimi  dypal\u00ebsh do t\u00eb zhvillohet sot n\u00eb ora 17:15 n\u00eb Ministrin\u00eb e Pun\u00ebve t\u00eb Jashtme.<\/p>\n<p>Pas takimit do t\u00eb ket\u00eb edhe nj\u00eb konferenc\u00eb t\u00eb p\u00ebrbashk\u00ebt p\u00ebr media me fillim n\u00eb ora 17:55.<\/p>\n","protected":false},"excerpt":{"rendered":"<p>PRISHTIN\u00cb &#8211; Z\u00ebvend\u00ebskryeministri i Par\u00eb dhe Ministri i Jasht\u00ebm, Behgjet Pacolli, do t\u00eb pres n\u00eb takim ministrin e Jasht\u00ebm t\u00eb Turqis\u00eb, Mevl\u00fct \u00c7avu\u015fo\u011flu. Takimi dypal\u00ebsh do t\u00eb zhvillohet sot n\u00eb ora 17:15 n\u00eb Ministrin\u00eb e Pun\u00ebve t\u00eb Jashtme. Pas takimit do t\u00eb ket\u00eb edhe nj\u00eb konferenc\u00eb t\u00eb p\u00ebrbashk\u00ebt p\u00ebr media me fillim n\u00eb ora 17:55.<\/p>\n","protected":false},"author":1,"featured_media":47041,"comment_status":"open","ping_status":"open","sticky":false,"template":"","format":"standard","meta":{"footnotes":""},"categories":[1],"tags":[1287,287,996,310],"class_list":["post-47040","post","type-post","status-publish","format-standard","has-post-thumbnail","hentry","category-lajme","tag-behgjet-pacolli","tag-kosova","tag-mevlut-cavusoglu","tag-turqia"],"_links":{"self":[{"href":"https:\/\/prizrenpost.com\/al\/wp-json\/wp\/v2\/posts\/47040","targetHints":{"allow":["GET"]}}],"collection":[{"href":"https:\/\/prizrenpost.com\/al\/wp-json\/wp\/v2\/posts"}],"about":[{"href":"https:\/\/prizrenpost.com\/al\/wp-json\/wp\/v2\/types\/post"}],"author":[{"embeddable":true,"href":"https:\/\/prizrenpost.com\/al\/wp-json\/wp\/v2\/users\/1"}],"replies":[{"embeddable":true,"href":"https:\/\/prizrenpost.com\/al\/wp-json\/wp\/v2\/comments?post=47040"}],"version-history":[{"count":0,"href":"https:\/\/prizrenpost.com\/al\/wp-json\/wp\/v2\/posts\/47040\/revisions"}],"wp:featuredmedia":[{"embeddable":true,"href":"https:\/\/prizrenpost.com\/al\/wp-json\/wp\/v2\/media\/47041"}],"wp:attachment":[{"href":"https:\/\/prizrenpost.com\/al\/wp-json\/wp\/v2\/media?parent=47040"}],"wp:term":[{"taxonomy":"category","embeddable":true,"href":"https:\/\/prizrenpost.com\/al\/wp-json\/wp\/v2\/categories?post=47040"},{"taxonomy":"post_tag","embeddable":true,"href":"https:\/\/prizrenpost.com\/al\/wp-json\/wp\/v2\/tags?post=47040"}],"curies":[{"name":"wp","href":"https:\/\/api.w.org\/{rel}","templated":true}]}}