{"id":47287,"date":"2018-10-26T11:03:38","date_gmt":"2018-10-26T09:03:38","guid":{"rendered":"https:\/\/prizrenpost.com\/al\/?p=47287"},"modified":"2018-10-26T11:05:01","modified_gmt":"2018-10-26T09:05:01","slug":"vodhi-mikrofonin-e-hoxhes-kapet-hajduti-i-xhamive-ne-korce","status":"publish","type":"post","link":"https:\/\/prizrenpost.com\/al\/vodhi-mikrofonin-e-hoxhes-kapet-hajduti-i-xhamive-ne-korce\/","title":{"rendered":"Vodhi mikrofonin e hoxh\u00ebs, kapet hajduti i xhamive n\u00eb Kor\u00e7\u00eb"},"content":{"rendered":"<p><img decoding=\"async\" src=\"https:\/\/prizrenpost.com\/al\/wp-content\/uploads\/2018\/10\/3C516DCB-8265-4089-A60F-7558A56CA20A.jpeg\" alt=\"\" width=\"100%\" height=\"\" class=\"alignleft size-full wp-image-47288\" srcset=\"https:\/\/prizrenpost.com\/al\/wp-content\/uploads\/2018\/10\/3C516DCB-8265-4089-A60F-7558A56CA20A.jpeg 884w, https:\/\/prizrenpost.com\/al\/wp-content\/uploads\/2018\/10\/3C516DCB-8265-4089-A60F-7558A56CA20A-300x181.jpeg 300w, https:\/\/prizrenpost.com\/al\/wp-content\/uploads\/2018\/10\/3C516DCB-8265-4089-A60F-7558A56CA20A-768x462.jpeg 768w\" sizes=\"(max-width: 884px) 100vw, 884px\" \/><\/p>\n<p><strong>KOR\u00c7\u00cb &#8211; Policia e Kor\u00e7\u00ebs arrestoi hajdutin e xhamis\u00eb. Pablo Hazisllari, 23 vje\u00e7 nga Maliqi, ishte kapur nga kamerat e siguris\u00eb pasi doli nga xhamia e \u201cLagjes 7\u201d n\u00eb Kor\u00e7\u00eb, ku ka vjedhur mikrofonin e hoxh\u00ebs dy dit\u00eb m\u00eb par\u00eb.<\/strong><\/p>\n<p>Hazisllari dyshohet t\u00eb jet\u00eb nj\u00eb prej autor\u00ebve t\u00eb grabitjes s\u00eb 6 xhamive n\u00eb Kor\u00e7\u00eb, dit\u00ebt e fundit. Klerik\u00ebt, m\u00eb shum\u00eb sesa p\u00ebr vlerat materiale q\u00eb jan\u00eb vjedhur, jan\u00eb t\u00eb shqet\u00ebsuar p\u00ebr dhunimin e objekteve t\u00eb kultit.<\/p>\n<p>Hajdut\u00ebve nuk u kan\u00eb shp\u00ebtuar as xhamit\u00eb e Bilishtit dhe fshatit Dishnic\u00eb. Vjedhja e objekteve t\u00eb kultit, si ato myslimane dhe t\u00eb krishtera, n\u00eb Kor\u00e7\u00eb ka ndodhur vazhdimisht, njofton TCH.<\/p>\n","protected":false},"excerpt":{"rendered":"<p>KOR\u00c7\u00cb &#8211; Policia e Kor\u00e7\u00ebs arrestoi hajdutin e xhamis\u00eb. Pablo Hazisllari, 23 vje\u00e7 nga Maliqi, ishte kapur nga kamerat e siguris\u00eb pasi doli nga xhamia e \u201cLagjes 7\u201d n\u00eb Kor\u00e7\u00eb, ku ka vjedhur mikrofonin e hoxh\u00ebs dy dit\u00eb m\u00eb par\u00eb. Hazisllari dyshohet t\u00eb jet\u00eb nj\u00eb prej autor\u00ebve t\u00eb grabitjes s\u00eb 6 xhamive n\u00eb Kor\u00e7\u00eb, dit\u00ebt [&hellip;]<\/p>\n","protected":false},"author":1,"featured_media":47288,"comment_status":"open","ping_status":"open","sticky":false,"template":"","format":"standard","meta":{"footnotes":""},"categories":[1],"tags":[1833,4707,52,1557],"class_list":["post-47287","post","type-post","status-publish","format-standard","has-post-thumbnail","hentry","category-lajme","tag-arrestim","tag-korce","tag-shqiperi","tag-xhamia"],"_links":{"self":[{"href":"https:\/\/prizrenpost.com\/al\/wp-json\/wp\/v2\/posts\/47287","targetHints":{"allow":["GET"]}}],"collection":[{"href":"https:\/\/prizrenpost.com\/al\/wp-json\/wp\/v2\/posts"}],"about":[{"href":"https:\/\/prizrenpost.com\/al\/wp-json\/wp\/v2\/types\/post"}],"author":[{"embeddable":true,"href":"https:\/\/prizrenpost.com\/al\/wp-json\/wp\/v2\/users\/1"}],"replies":[{"embeddable":true,"href":"https:\/\/prizrenpost.com\/al\/wp-json\/wp\/v2\/comments?post=47287"}],"version-history":[{"count":0,"href":"https:\/\/prizrenpost.com\/al\/wp-json\/wp\/v2\/posts\/47287\/revisions"}],"wp:featuredmedia":[{"embeddable":true,"href":"https:\/\/prizrenpost.com\/al\/wp-json\/wp\/v2\/media\/47288"}],"wp:attachment":[{"href":"https:\/\/prizrenpost.com\/al\/wp-json\/wp\/v2\/media?parent=47287"}],"wp:term":[{"taxonomy":"category","embeddable":true,"href":"https:\/\/prizrenpost.com\/al\/wp-json\/wp\/v2\/categories?post=47287"},{"taxonomy":"post_tag","embeddable":true,"href":"https:\/\/prizrenpost.com\/al\/wp-json\/wp\/v2\/tags?post=47287"}],"curies":[{"name":"wp","href":"https:\/\/api.w.org\/{rel}","templated":true}]}}