{"id":47298,"date":"2018-10-26T17:12:37","date_gmt":"2018-10-26T15:12:37","guid":{"rendered":"https:\/\/prizrenpost.com\/al\/?p=47298"},"modified":"2018-10-26T17:12:37","modified_gmt":"2018-10-26T15:12:37","slug":"deri-me-tani-prokuroria-e-prizrenit-ka-ngritur-146-aktakuza-per-dhune-ne-familje","status":"publish","type":"post","link":"https:\/\/prizrenpost.com\/al\/deri-me-tani-prokuroria-e-prizrenit-ka-ngritur-146-aktakuza-per-dhune-ne-familje\/","title":{"rendered":"Deri m\u00eb tani Prokuroria e Prizrenit ka ngritur 146 aktakuza p\u00ebr dhun\u00eb n\u00eb familje"},"content":{"rendered":"<p><img decoding=\"async\" src=\"https:\/\/prizrenpost.com\/al\/wp-content\/uploads\/2018\/10\/70BEB57C-6EEE-4CA4-B72C-0C721CCF8F49.jpeg\" alt=\"\" width=\"100%\" height=\"\" class=\"alignleft size-full wp-image-47299\" srcset=\"https:\/\/prizrenpost.com\/al\/wp-content\/uploads\/2018\/10\/70BEB57C-6EEE-4CA4-B72C-0C721CCF8F49.jpeg 780w, https:\/\/prizrenpost.com\/al\/wp-content\/uploads\/2018\/10\/70BEB57C-6EEE-4CA4-B72C-0C721CCF8F49-300x169.jpeg 300w, https:\/\/prizrenpost.com\/al\/wp-content\/uploads\/2018\/10\/70BEB57C-6EEE-4CA4-B72C-0C721CCF8F49-768x432.jpeg 768w\" sizes=\"(max-width: 780px) 100vw, 780px\" \/><\/p>\n<p><strong>PRIZREN &#8211; Prokuroria Themelore n\u00eb Prizren -p\u00ebr periudh\u00ebn janar \u2013 shtator 2018 ka ngritur 145 aktakuza kund\u00ebr 174 personave, p\u00ebr rastet e dhun\u00ebs n\u00eb familje.<\/strong><\/p>\n<p>Nd\u00ebrkaq, n\u00eb Departamentin e Krimeve t\u00eb R\u00ebnda, p\u00ebr t\u00eb nj\u00ebjt\u00ebn periudh\u00eb kohore \u00ebsht\u00eb ngritur 1 aktakuz\u00eb kund\u00ebr 2 personave.<\/p>\n<p>Prokuroria Themelore n\u00eb Prizren, p\u00ebr periudh\u00ebn janar \u2013 shtator 2018 ka pranuar 85 kall\u00ebzime penale, nd\u00ebrsa 104 kall\u00ebzime penale ka trash\u00ebguar nga vitet paraprake. Gjat\u00eb k\u00ebsaj periudhe jan\u00eb ngritur gjithsej 146 aktakuza, p\u00ebrcjell Telegrafi.<\/p>\n<p>Aktakuzat e ngritura kryesisht kan\u00eb t\u00eb b\u00ebjn\u00eb me veprat penale si: \u201cKanosje\u201d \u201cSulm\u201d dhe \u201cL\u00ebndim i leht\u00eb trupor\u201d si dhe \u201cShkelje e urdhrit mbrojt\u00ebs\u201d.<\/p>\n<p>Sa i p\u00ebrket viktimave t\u00eb k\u00ebtyre rasteve, n\u00eb 144 raste viktim\u00eb \u00ebsht\u00eb gjinia fem\u00ebrore, nd\u00ebrsa, n\u00eb 2 raste viktim\u00eb \u00ebsht\u00eb gjinia mashkullore.<\/p>\n","protected":false},"excerpt":{"rendered":"<p>PRIZREN &#8211; Prokuroria Themelore n\u00eb Prizren -p\u00ebr periudh\u00ebn janar \u2013 shtator 2018 ka ngritur 145 aktakuza kund\u00ebr 174 personave, p\u00ebr rastet e dhun\u00ebs n\u00eb familje. Nd\u00ebrkaq, n\u00eb Departamentin e Krimeve t\u00eb R\u00ebnda, p\u00ebr t\u00eb nj\u00ebjt\u00ebn periudh\u00eb kohore \u00ebsht\u00eb ngritur 1 aktakuz\u00eb kund\u00ebr 2 personave. Prokuroria Themelore n\u00eb Prizren, p\u00ebr periudh\u00ebn janar \u2013 shtator 2018 ka [&hellip;]<\/p>\n","protected":false},"author":1,"featured_media":47299,"comment_status":"open","ping_status":"open","sticky":false,"template":"","format":"standard","meta":{"footnotes":""},"categories":[22],"tags":[3803,4630,41,1442],"class_list":["post-47298","post","type-post","status-publish","format-standard","has-post-thumbnail","hentry","category-prizren","tag-aktuale","tag-dhuna-ne-familje","tag-prizren","tag-prokuroria"],"_links":{"self":[{"href":"https:\/\/prizrenpost.com\/al\/wp-json\/wp\/v2\/posts\/47298","targetHints":{"allow":["GET"]}}],"collection":[{"href":"https:\/\/prizrenpost.com\/al\/wp-json\/wp\/v2\/posts"}],"about":[{"href":"https:\/\/prizrenpost.com\/al\/wp-json\/wp\/v2\/types\/post"}],"author":[{"embeddable":true,"href":"https:\/\/prizrenpost.com\/al\/wp-json\/wp\/v2\/users\/1"}],"replies":[{"embeddable":true,"href":"https:\/\/prizrenpost.com\/al\/wp-json\/wp\/v2\/comments?post=47298"}],"version-history":[{"count":0,"href":"https:\/\/prizrenpost.com\/al\/wp-json\/wp\/v2\/posts\/47298\/revisions"}],"wp:featuredmedia":[{"embeddable":true,"href":"https:\/\/prizrenpost.com\/al\/wp-json\/wp\/v2\/media\/47299"}],"wp:attachment":[{"href":"https:\/\/prizrenpost.com\/al\/wp-json\/wp\/v2\/media?parent=47298"}],"wp:term":[{"taxonomy":"category","embeddable":true,"href":"https:\/\/prizrenpost.com\/al\/wp-json\/wp\/v2\/categories?post=47298"},{"taxonomy":"post_tag","embeddable":true,"href":"https:\/\/prizrenpost.com\/al\/wp-json\/wp\/v2\/tags?post=47298"}],"curies":[{"name":"wp","href":"https:\/\/api.w.org\/{rel}","templated":true}]}}