{"id":47305,"date":"2018-10-27T10:19:33","date_gmt":"2018-10-27T08:19:33","guid":{"rendered":"https:\/\/prizrenpost.com\/al\/?p=47305"},"modified":"2018-10-27T10:19:33","modified_gmt":"2018-10-27T08:19:33","slug":"ushtria-e-kosoves-shqetesim-edhe-per-rusine","status":"publish","type":"post","link":"https:\/\/prizrenpost.com\/al\/ushtria-e-kosoves-shqetesim-edhe-per-rusine\/","title":{"rendered":"Ushtria e Kosov\u00ebs, shqet\u00ebsim edhe p\u00ebr Rusin\u00eb"},"content":{"rendered":"<p><img decoding=\"async\" src=\"https:\/\/prizrenpost.com\/al\/wp-content\/uploads\/2018\/10\/32DFF88E-7FDA-49AD-A509-EED659853FE5.jpeg\" alt=\"\" width=\"100%\" height=\"\" class=\"alignleft size-full wp-image-47306\" srcset=\"https:\/\/prizrenpost.com\/al\/wp-content\/uploads\/2018\/10\/32DFF88E-7FDA-49AD-A509-EED659853FE5.jpeg 629w, https:\/\/prizrenpost.com\/al\/wp-content\/uploads\/2018\/10\/32DFF88E-7FDA-49AD-A509-EED659853FE5-300x175.jpeg 300w\" sizes=\"(max-width: 629px) 100vw, 629px\" \/><\/p>\n<p><strong>MOSK\u00cb &#8211; Ministria e Pun\u00ebve t\u00eb Jashtme e Rusis\u00eb e ka marr\u00eb me shqet\u00ebsim vendimin e Kuvendit t\u00eb Kosov\u00ebs p\u00ebr miratimin e pakove t\u00eb ligjeve p\u00ebr transformimin e Forcave t\u00eb Siguris\u00eb s\u00eb Kosov\u00ebs n\u00eb Ushtri  dhe ka paralajm\u00ebruar se \u201cnj\u00eb vendim i till\u00eb k\u00ebrc\u00ebnon stabilitetin e Ballkanit\u201d.<\/strong><\/p>\n<p>Si\u00e7 shkruan gazeta serbe \u201cNovosti\u201d  Rusia disa her\u00eb ka paralajm\u00ebruar bashk\u00ebsin\u00eb nd\u00ebrkomb\u00ebtare se pretendimet e tilla nuk jan\u00eb n\u00eb p\u00ebrputhje me Rezolut\u00ebn 1244, sipas s\u00eb cil\u00ebs n\u00eb Kosov\u00eb mund t\u00eb ket\u00eb vet\u00ebm forca ushtarake shum\u00ebkomb\u00ebshe n\u00ebn mbik\u00ebqyrjen nd\u00ebrkomb\u00ebtare, p\u00ebrcjell Telegrafi.<\/p>\n<p>\u201cAskush nuk mund t\u00eb jap\u00eb garanci se t\u00eb \u2018ashtuquajturat\u2019 forca t\u00eb armatosura, kurrizi i t\u00eb cilave p\u00ebrb\u00ebhet nga \u2018terrorist\u00ebt e U\u00c7K-s\u00eb\u2019, nuk do t\u00eb p\u00ebrdoren kund\u00ebr popullat\u00ebs serbe n\u00eb veri\u201d, citon gazeta serbe tekstin e reagimit t\u00eb diplomacis\u00eb ruse.<\/p>\n<p>M\u00eb tej, sipas gazet\u00ebs serbe, Ministria e Pun\u00ebve t\u00eb Jashtme Ruse, paralajm\u00ebron se ata q\u00eb p\u00ebrkrahin Kosov\u00ebn po p\u00ebrpiqen q\u00eb me shpejt\u00ebsi t\u00eb riorganizojn\u00eb Forcat e Siguris\u00eb s\u00eb Kosov\u00ebs n\u00eb nj\u00eb ushtri, \u201cp\u00ebr t\u00eb transferuar sa m\u00eb shpejt ish militant\u00ebt n\u00ebn ombrell\u00ebn e NATO-s\u201d. <\/p>\n","protected":false},"excerpt":{"rendered":"<p>MOSK\u00cb &#8211; Ministria e Pun\u00ebve t\u00eb Jashtme e Rusis\u00eb e ka marr\u00eb me shqet\u00ebsim vendimin e Kuvendit t\u00eb Kosov\u00ebs p\u00ebr miratimin e pakove t\u00eb ligjeve p\u00ebr transformimin e Forcave t\u00eb Siguris\u00eb s\u00eb Kosov\u00ebs n\u00eb Ushtri dhe ka paralajm\u00ebruar se \u201cnj\u00eb vendim i till\u00eb k\u00ebrc\u00ebnon stabilitetin e Ballkanit\u201d. Si\u00e7 shkruan gazeta serbe \u201cNovosti\u201d Rusia disa her\u00eb [&hellip;]<\/p>\n","protected":false},"author":1,"featured_media":47306,"comment_status":"open","ping_status":"open","sticky":false,"template":"","format":"standard","meta":{"footnotes":""},"categories":[1],"tags":[3803,287,378,1017],"class_list":["post-47305","post","type-post","status-publish","format-standard","has-post-thumbnail","hentry","category-lajme","tag-aktuale","tag-kosova","tag-rusia","tag-ushtria-e-kosoves"],"_links":{"self":[{"href":"https:\/\/prizrenpost.com\/al\/wp-json\/wp\/v2\/posts\/47305","targetHints":{"allow":["GET"]}}],"collection":[{"href":"https:\/\/prizrenpost.com\/al\/wp-json\/wp\/v2\/posts"}],"about":[{"href":"https:\/\/prizrenpost.com\/al\/wp-json\/wp\/v2\/types\/post"}],"author":[{"embeddable":true,"href":"https:\/\/prizrenpost.com\/al\/wp-json\/wp\/v2\/users\/1"}],"replies":[{"embeddable":true,"href":"https:\/\/prizrenpost.com\/al\/wp-json\/wp\/v2\/comments?post=47305"}],"version-history":[{"count":0,"href":"https:\/\/prizrenpost.com\/al\/wp-json\/wp\/v2\/posts\/47305\/revisions"}],"wp:featuredmedia":[{"embeddable":true,"href":"https:\/\/prizrenpost.com\/al\/wp-json\/wp\/v2\/media\/47306"}],"wp:attachment":[{"href":"https:\/\/prizrenpost.com\/al\/wp-json\/wp\/v2\/media?parent=47305"}],"wp:term":[{"taxonomy":"category","embeddable":true,"href":"https:\/\/prizrenpost.com\/al\/wp-json\/wp\/v2\/categories?post=47305"},{"taxonomy":"post_tag","embeddable":true,"href":"https:\/\/prizrenpost.com\/al\/wp-json\/wp\/v2\/tags?post=47305"}],"curies":[{"name":"wp","href":"https:\/\/api.w.org\/{rel}","templated":true}]}}